{"id":9730,"date":"2025-02-11T13:18:30","date_gmt":"2025-02-11T12:18:30","guid":{"rendered":"https:\/\/agora.xtec.cat\/escolapacocandel\/?p=9730"},"modified":"2025-02-11T13:19:40","modified_gmt":"2025-02-11T12:19:40","slug":"pensar-tocar-i-crear-les-matematiques-en-accio","status":"publish","type":"post","link":"https:\/\/agora.xtec.cat\/escolapacocandel\/portada\/pensar-tocar-i-crear-les-matematiques-en-accio\/","title":{"rendered":"Pensar, tocar i crear: les matem\u00e0tiques en acci\u00f3"},"content":{"rendered":"<p><a href=\"https:\/\/agora.xtec.cat\/escolapacocandel\/wp-content\/uploads\/usu332\/2025\/02\/TANGRAM-scaled.jpg\"><img loading=\"lazy\" decoding=\"async\" class=\"wp-image-9733 aligncenter\" src=\"https:\/\/agora.xtec.cat\/escolapacocandel\/wp-content\/uploads\/usu332\/2025\/02\/TANGRAM-1024x762.jpg\" alt=\"\" width=\"346\" height=\"258\" srcset=\"https:\/\/agora.xtec.cat\/escolapacocandel\/wp-content\/uploads\/usu332\/2025\/02\/TANGRAM-1024x762.jpg 1024w, https:\/\/agora.xtec.cat\/escolapacocandel\/wp-content\/uploads\/usu332\/2025\/02\/TANGRAM-300x223.jpg 300w, https:\/\/agora.xtec.cat\/escolapacocandel\/wp-content\/uploads\/usu332\/2025\/02\/TANGRAM-768x572.jpg 768w, https:\/\/agora.xtec.cat\/escolapacocandel\/wp-content\/uploads\/usu332\/2025\/02\/TANGRAM-1536x1143.jpg 1536w, https:\/\/agora.xtec.cat\/escolapacocandel\/wp-content\/uploads\/usu332\/2025\/02\/TANGRAM-2048x1524.jpg 2048w, https:\/\/agora.xtec.cat\/escolapacocandel\/wp-content\/uploads\/usu332\/2025\/02\/TANGRAM-200x150.jpg 200w\" sizes=\"auto, (max-width: 346px) 100vw, 346px\" \/><\/a><\/p>\n<p style=\"text-align: justify;\"><span style=\"font-weight: 400;\">Els ambients \u00e9s un enfocament pedag\u00f2gic que permet als infants aprendre de manera vivencial i significativa. A la comunitat de petites, tres cops per setmana, els nens i nenes de tres, quatre i cinc anys es barregen en grups heterogenis per explorar diferents espais d\u2019aprenentatge, fomentant la interacci\u00f3 entre edats, l\u2019autonomia i el treball cooperatiu.<\/span><\/p>\n<p style=\"text-align: justify;\"><span style=\"font-weight: 400;\">Aquest curs hem estrenat un nou ambient: l\u2019ambient matem\u00e0tic.<\/span><\/p>\n<p style=\"text-align: justify;\"><span style=\"font-weight: 400;\">Si mirem al nostre voltant, veiem com el nostre entorn est\u00e0 impregnat de matem\u00e0tiques: no hi ha cap realitat propera que no tingui nombres, quantitats, formes geom\u00e8triques, mesures&#8230; Els infants, des de ben petits, entren en contacte amb aquest llenguatge i aprenen progressivament a fer-ne \u00fas per establir relacions i fer petits raonaments.<\/span><\/p>\n<p style=\"text-align: justify;\"><span style=\"font-weight: 400;\"><a href=\"https:\/\/agora.xtec.cat\/escolapacocandel\/wp-content\/uploads\/usu332\/2025\/02\/POLICUBS-scaled.jpg\"><img loading=\"lazy\" decoding=\"async\" class=\"wp-image-9732 aligncenter\" src=\"https:\/\/agora.xtec.cat\/escolapacocandel\/wp-content\/uploads\/usu332\/2025\/02\/POLICUBS-1024x656.jpg\" alt=\"\" width=\"350\" height=\"224\" srcset=\"https:\/\/agora.xtec.cat\/escolapacocandel\/wp-content\/uploads\/usu332\/2025\/02\/POLICUBS-1024x656.jpg 1024w, https:\/\/agora.xtec.cat\/escolapacocandel\/wp-content\/uploads\/usu332\/2025\/02\/POLICUBS-300x192.jpg 300w, https:\/\/agora.xtec.cat\/escolapacocandel\/wp-content\/uploads\/usu332\/2025\/02\/POLICUBS-768x492.jpg 768w, https:\/\/agora.xtec.cat\/escolapacocandel\/wp-content\/uploads\/usu332\/2025\/02\/POLICUBS-1536x984.jpg 1536w, https:\/\/agora.xtec.cat\/escolapacocandel\/wp-content\/uploads\/usu332\/2025\/02\/POLICUBS-2048x1312.jpg 2048w\" sizes=\"auto, (max-width: 350px) 100vw, 350px\" \/><\/a><\/span><\/p>\n<p style=\"text-align: justify;\"><span style=\"font-weight: 400;\">Aquesta proposta esdev\u00e9 un espai on poder descobrir, experimentar, interpretar i representar les matem\u00e0tiques a trav\u00e9s de puzles, jocs de taula, petits reptes com classificar, ordenar, agrupar, aix\u00ed com propostes de representaci\u00f3 i de programaci\u00f3 i rob\u00f2tica. En definitiva, un espai per ajudar els infants a estructurar el seu pensament com a mitj\u00e0 per con\u00e8ixer el m\u00f3n que els envolta.<\/span><\/p>\n<p style=\"text-align: justify;\"><span style=\"font-weight: 400;\">En aquest ambient, els infants poden manipular materials diversos que els ajuden a construir el coneixement de manera vivencial i significativa. L\u2019observaci\u00f3, la manipulaci\u00f3 i l\u2019experimentaci\u00f3 els permeten entendre conceptes matem\u00e0tics d\u2019una manera l\u00fadica i motivadora. Els materials que desenvolupen la l\u00f2gica, el Tangram, els jocs de seriacions amb pius o policubs, les activitats de mesura, els contes o els jocs de taula s\u00f3n algunes de les propostes que ajuden els infants a desenvolupar el pensament matem\u00e0tic de manera natural i progressiva.<\/span><\/p>\n<p style=\"text-align: justify;\"><span style=\"font-weight: 400;\"><a href=\"https:\/\/agora.xtec.cat\/escolapacocandel\/wp-content\/uploads\/usu332\/2025\/02\/TRES-EN-RATLLA-scaled.jpg\"><img loading=\"lazy\" decoding=\"async\" class=\"wp-image-9734 aligncenter\" src=\"https:\/\/agora.xtec.cat\/escolapacocandel\/wp-content\/uploads\/usu332\/2025\/02\/TRES-EN-RATLLA-1024x1024.jpg\" alt=\"\" width=\"369\" height=\"369\" srcset=\"https:\/\/agora.xtec.cat\/escolapacocandel\/wp-content\/uploads\/usu332\/2025\/02\/TRES-EN-RATLLA-1024x1024.jpg 1024w, https:\/\/agora.xtec.cat\/escolapacocandel\/wp-content\/uploads\/usu332\/2025\/02\/TRES-EN-RATLLA-300x300.jpg 300w, https:\/\/agora.xtec.cat\/escolapacocandel\/wp-content\/uploads\/usu332\/2025\/02\/TRES-EN-RATLLA-150x150.jpg 150w, https:\/\/agora.xtec.cat\/escolapacocandel\/wp-content\/uploads\/usu332\/2025\/02\/TRES-EN-RATLLA-768x768.jpg 768w, https:\/\/agora.xtec.cat\/escolapacocandel\/wp-content\/uploads\/usu332\/2025\/02\/TRES-EN-RATLLA-1536x1536.jpg 1536w, https:\/\/agora.xtec.cat\/escolapacocandel\/wp-content\/uploads\/usu332\/2025\/02\/TRES-EN-RATLLA-2048x2048.jpg 2048w\" sizes=\"auto, (max-width: 369px) 100vw, 369px\" \/><\/a><\/span><\/p>\n<p style=\"text-align: justify;\"><span style=\"font-weight: 400;\">A m\u00e9s, l\u2019ambient fomenta el treball cooperatiu i la resoluci\u00f3 de problemes en grup. Els infants comparteixen estrat\u00e8gies, verbalitzen els seus raonaments i aprenen els uns dels altres, afavorint el di\u00e0leg matem\u00e0tic i la construcci\u00f3 compartida del coneixement. Aix\u00f2 permet que cada infant pugui desenvolupar-se al seu propi ritme, respectant la seva manera d\u2019aprendre i potenciant-ne les capacitats.<\/span><\/p>\n<p style=\"text-align: justify;\"><span style=\"font-weight: 400;\">En aquest espai, les matem\u00e0tiques es viuen des de la curiositat i el joc, afavorint una relaci\u00f3 positiva amb aquesta disciplina. L\u2019objectiu principal \u00e9s que els infants desenvolupin el pensament l\u00f2gic d\u2019una manera aut\u00f2noma i creativa, establint connexions entre el que aprenen i el seu dia a dia. D\u2019aquesta manera, posem els fonaments perqu\u00e8, m\u00e9s enll\u00e0 de l\u2019escola, continu\u00efn explorant, q\u00fcestionant-se i meravellant-se amb la l\u00f2gica que sustenta la realitat.<\/span><\/p>\n<p style=\"text-align: justify;\"><span style=\"font-weight: 400;\"><a href=\"https:\/\/agora.xtec.cat\/escolapacocandel\/wp-content\/uploads\/usu332\/2025\/02\/ROBOTICA-scaled.jpg\"><img loading=\"lazy\" decoding=\"async\" class=\"wp-image-9735 aligncenter\" src=\"https:\/\/agora.xtec.cat\/escolapacocandel\/wp-content\/uploads\/usu332\/2025\/02\/ROBOTICA-1024x1024.jpg\" alt=\"\" width=\"383\" height=\"383\" srcset=\"https:\/\/agora.xtec.cat\/escolapacocandel\/wp-content\/uploads\/usu332\/2025\/02\/ROBOTICA-1024x1024.jpg 1024w, https:\/\/agora.xtec.cat\/escolapacocandel\/wp-content\/uploads\/usu332\/2025\/02\/ROBOTICA-300x300.jpg 300w, https:\/\/agora.xtec.cat\/escolapacocandel\/wp-content\/uploads\/usu332\/2025\/02\/ROBOTICA-150x150.jpg 150w, https:\/\/agora.xtec.cat\/escolapacocandel\/wp-content\/uploads\/usu332\/2025\/02\/ROBOTICA-768x768.jpg 768w, https:\/\/agora.xtec.cat\/escolapacocandel\/wp-content\/uploads\/usu332\/2025\/02\/ROBOTICA-1536x1536.jpg 1536w, https:\/\/agora.xtec.cat\/escolapacocandel\/wp-content\/uploads\/usu332\/2025\/02\/ROBOTICA-2048x2048.jpg 2048w\" sizes=\"auto, (max-width: 383px) 100vw, 383px\" \/><\/a><\/span><\/p>\n<p style=\"text-align: center;\"><span style=\"font-weight: 400;\">&#8220;<\/span><i><span style=\"font-weight: 400;\">Les matem\u00e0tiques es comprenen millor quan es poden tocar, manipular i experimentar. La manipulaci\u00f3 de materials permet als infants construir significats propis i desenvolupar un pensament profund i estructurat.<\/span><\/i><span style=\"font-weight: 400;\">&#8221; <\/span><\/p>\n<p style=\"text-align: center;\"><span style=\"font-weight: 400;\">Maria Montessori<\/span><\/p>\n","protected":false},"excerpt":{"rendered":"<p><a href=\"https:\/\/agora.xtec.cat\/escolapacocandel\/wp-content\/uploads\/usu332\/2025\/02\/TANGRAM-scaled.jpg\"><\/a><br \/>\nEls ambients \u00e9s un enfocament pedag\u00f2gic que permet als infants aprendre de manera vivencial i significativa. A la comunitat de petites, tres cops per setmana, els nens i nenes de tres, quatre i cinc anys es barregen en grups heterogenis per explorar diferents espais&hellip;  <a href=\"https:\/\/agora.xtec.cat\/escolapacocandel\/portada\/pensar-tocar-i-crear-les-matematiques-en-accio\/\" title=\"Read Pensar, tocar i crear: les matem\u00e0tiques en acci\u00f3\">Llegeix m\u00e9s\u00bb<\/a><\/p>\n","protected":false},"author":73,"featured_media":9731,"comment_status":"open","ping_status":"closed","sticky":false,"template":"","format":"standard","meta":{"_bbp_topic_count":0,"_bbp_reply_count":0,"_bbp_total_topic_count":0,"_bbp_total_reply_count":0,"_bbp_voice_count":0,"_bbp_anonymous_reply_count":0,"_bbp_topic_count_hidden":0,"_bbp_reply_count_hidden":0,"_bbp_forum_subforum_count":0,"footnotes":""},"categories":[182,183,196,128,4],"tags":[],"class_list":["post-9730","post","type-post","status-publish","format-standard","has-post-thumbnail","hentry","category-3-anys","category-4-anys","category-5-anys","category-comunitat-de-petits","category-portada"],"post_mailing_queue_ids":[],"_links":{"self":[{"href":"https:\/\/agora.xtec.cat\/escolapacocandel\/wp-json\/wp\/v2\/posts\/9730","targetHints":{"allow":["GET"]}}],"collection":[{"href":"https:\/\/agora.xtec.cat\/escolapacocandel\/wp-json\/wp\/v2\/posts"}],"about":[{"href":"https:\/\/agora.xtec.cat\/escolapacocandel\/wp-json\/wp\/v2\/types\/post"}],"author":[{"embeddable":true,"href":"https:\/\/agora.xtec.cat\/escolapacocandel\/wp-json\/wp\/v2\/users\/73"}],"replies":[{"embeddable":true,"href":"https:\/\/agora.xtec.cat\/escolapacocandel\/wp-json\/wp\/v2\/comments?post=9730"}],"version-history":[{"count":2,"href":"https:\/\/agora.xtec.cat\/escolapacocandel\/wp-json\/wp\/v2\/posts\/9730\/revisions"}],"predecessor-version":[{"id":9737,"href":"https:\/\/agora.xtec.cat\/escolapacocandel\/wp-json\/wp\/v2\/posts\/9730\/revisions\/9737"}],"wp:featuredmedia":[{"embeddable":true,"href":"https:\/\/agora.xtec.cat\/escolapacocandel\/wp-json\/wp\/v2\/media\/9731"}],"wp:attachment":[{"href":"https:\/\/agora.xtec.cat\/escolapacocandel\/wp-json\/wp\/v2\/media?parent=9730"}],"wp:term":[{"taxonomy":"category","embeddable":true,"href":"https:\/\/agora.xtec.cat\/escolapacocandel\/wp-json\/wp\/v2\/categories?post=9730"},{"taxonomy":"post_tag","embeddable":true,"href":"https:\/\/agora.xtec.cat\/escolapacocandel\/wp-json\/wp\/v2\/tags?post=9730"}],"curies":[{"name":"wp","href":"https:\/\/api.w.org\/{rel}","templated":true}]}}