{"id":9716,"date":"2025-02-06T16:00:06","date_gmt":"2025-02-06T15:00:06","guid":{"rendered":"https:\/\/agora.xtec.cat\/escolapacocandel\/?p=9716"},"modified":"2025-02-06T16:57:38","modified_gmt":"2025-02-06T15:57:38","slug":"descobrint-la-ciencia-al-vhio","status":"publish","type":"post","link":"https:\/\/agora.xtec.cat\/escolapacocandel\/comunitat-de-grans\/descobrint-la-ciencia-al-vhio\/","title":{"rendered":"Descobrint la ci\u00e8ncia al VHIO"},"content":{"rendered":"<p>L&#8217;alumnat de 6\u00e8 han tingut l\u2019oportunitat de viure una experi\u00e8ncia inoblidable al Vall d\u2019Hebron Institut Oncol\u00f2gic (VHIO). Aquesta sortida ha perm\u00e8s apropar-se al m\u00f3n de la investigaci\u00f3 cient\u00edfica i con\u00e8ixer de prop com es treballa en l\u2019estudi de les c\u00e8l\u00b7lules, els teixits o el tractament i investigaci\u00f3 del c\u00e0ncer.<\/p>\n<p>La jornada ha comen\u00e7at amb una xerrada interactiva, en la qual els infants han participat activament mitjan\u00e7ant un polsador per respondre preguntes i esbrinar les respostes correctes. Aquesta din\u00e0mica ha fet que l\u2019aprenentatge fos m\u00e9s atractiu i divertit, mantenint l\u2019inter\u00e8s i la curiositat de tothom.<\/p>\n<p>A continuaci\u00f3, s\u2019han dividit en tres equips per realitzar diferents tallers pr\u00e0ctics de manera rotativa. Un dels grups ha treballat amb volums de l\u00edquids, experimentant amb mesures i fent un petit concurs. Un altre grup ha fet un taller amb el microscopi, on han pogut veure mostres de c\u00e8l\u00b7lules i teixits amb c\u00e8l\u00b7lules canceroses de manera detallada. Finalment, el tercer grup ha tingut l\u2019oportunitat de visitar les instal\u00b7lacions del VHIO, explorant els laboratoris i descobrint de primera m\u00e0 la feina que hi fan en les seves instal\u00b7lacions.<\/p>\n<p>Aquesta experi\u00e8ncia ha estat una gran oportunitat perqu\u00e8 els infants es familiaritzessin amb el treball cient\u00edfic i entenguessin la import\u00e0ncia de la recerca en la lluita contra el c\u00e0ncer.<\/p>\n<p>Aqu\u00ed us deixem les fotografies de la sortida:<\/p>\n<blockquote class=\"wp-embedded-content\" data-secret=\"VoM3DY6mrW\"><p><a href=\"https:\/\/agora.xtec.cat\/escolapacocandel\/fotos-privat\/fotos-sortida-vhio\/\">Protegit: Fotos sortida VHIO<\/a><\/p><\/blockquote>\n<p><iframe loading=\"lazy\" class=\"wp-embedded-content\" sandbox=\"allow-scripts\" security=\"restricted\" style=\"position: absolute; clip: rect(1px, 1px, 1px, 1px);\" title=\"&#8220;Protegit: Fotos sortida VHIO&#8221; &#8212; Escola Paco Candel\" src=\"https:\/\/agora.xtec.cat\/escolapacocandel\/fotos-privat\/fotos-sortida-vhio\/embed\/#?secret=tJRxvoRgDk#?secret=VoM3DY6mrW\" data-secret=\"VoM3DY6mrW\" width=\"500\" height=\"282\" frameborder=\"0\" marginwidth=\"0\" marginheight=\"0\" scrolling=\"no\"><\/iframe><\/p>\n","protected":false},"excerpt":{"rendered":"<p>L&#8217;alumnat de 6\u00e8 han tingut l\u2019oportunitat de viure una experi\u00e8ncia inoblidable al Vall d\u2019Hebron Institut Oncol\u00f2gic (VHIO). Aquesta sortida ha perm\u00e8s apropar-se al m\u00f3n de la investigaci\u00f3 cient\u00edfica i con\u00e8ixer de prop com es treballa en l\u2019estudi de les c\u00e8l\u00b7lules, els teixits o el tractament&hellip;  <a href=\"https:\/\/agora.xtec.cat\/escolapacocandel\/comunitat-de-grans\/descobrint-la-ciencia-al-vhio\/\" title=\"Read Descobrint la ci\u00e8ncia al VHIO\">Llegeix m\u00e9s\u00bb<\/a><\/p>\n","protected":false},"author":20,"featured_media":9717,"comment_status":"open","ping_status":"closed","sticky":false,"template":"","format":"standard","meta":{"_bbp_topic_count":0,"_bbp_reply_count":0,"_bbp_total_topic_count":0,"_bbp_total_reply_count":0,"_bbp_voice_count":0,"_bbp_anonymous_reply_count":0,"_bbp_topic_count_hidden":0,"_bbp_reply_count_hidden":0,"_bbp_forum_subforum_count":0,"footnotes":""},"categories":[129,146],"tags":[],"class_list":["post-9716","post","type-post","status-publish","format-standard","has-post-thumbnail","hentry","category-comunitat-de-grans","category-6e"],"post_mailing_queue_ids":[],"_links":{"self":[{"href":"https:\/\/agora.xtec.cat\/escolapacocandel\/wp-json\/wp\/v2\/posts\/9716","targetHints":{"allow":["GET"]}}],"collection":[{"href":"https:\/\/agora.xtec.cat\/escolapacocandel\/wp-json\/wp\/v2\/posts"}],"about":[{"href":"https:\/\/agora.xtec.cat\/escolapacocandel\/wp-json\/wp\/v2\/types\/post"}],"author":[{"embeddable":true,"href":"https:\/\/agora.xtec.cat\/escolapacocandel\/wp-json\/wp\/v2\/users\/20"}],"replies":[{"embeddable":true,"href":"https:\/\/agora.xtec.cat\/escolapacocandel\/wp-json\/wp\/v2\/comments?post=9716"}],"version-history":[{"count":1,"href":"https:\/\/agora.xtec.cat\/escolapacocandel\/wp-json\/wp\/v2\/posts\/9716\/revisions"}],"predecessor-version":[{"id":9718,"href":"https:\/\/agora.xtec.cat\/escolapacocandel\/wp-json\/wp\/v2\/posts\/9716\/revisions\/9718"}],"wp:featuredmedia":[{"embeddable":true,"href":"https:\/\/agora.xtec.cat\/escolapacocandel\/wp-json\/wp\/v2\/media\/9717"}],"wp:attachment":[{"href":"https:\/\/agora.xtec.cat\/escolapacocandel\/wp-json\/wp\/v2\/media?parent=9716"}],"wp:term":[{"taxonomy":"category","embeddable":true,"href":"https:\/\/agora.xtec.cat\/escolapacocandel\/wp-json\/wp\/v2\/categories?post=9716"},{"taxonomy":"post_tag","embeddable":true,"href":"https:\/\/agora.xtec.cat\/escolapacocandel\/wp-json\/wp\/v2\/tags?post=9716"}],"curies":[{"name":"wp","href":"https:\/\/api.w.org\/{rel}","templated":true}]}}