{"id":9711,"date":"2025-02-05T12:46:36","date_gmt":"2025-02-05T11:46:36","guid":{"rendered":"https:\/\/agora.xtec.cat\/escolapacocandel\/?p=9711"},"modified":"2025-02-05T12:46:36","modified_gmt":"2025-02-05T11:46:36","slug":"sortida-al-mnactec-i3","status":"publish","type":"post","link":"https:\/\/agora.xtec.cat\/escolapacocandel\/comunitat-de-petits\/sortida-al-mnactec-i3\/","title":{"rendered":"SORTIDA AL MNACTEC I3"},"content":{"rendered":"<p>El darrer dimarts 4 de febrer els nens i les nenes dels grups de tres anys van fer una sortida al Museu Nacional de la Ci\u00e8ncia i la T\u00e8cnica de Catalunya. D&#8217;una banda, van poder gaudir de l&#8217;exposici\u00f3 de cotxes, motos, bicicletes i avionetes antigues i tamb\u00e9 van poder observar una maqueta en funcionament per la qual circulaven diferents trens. D&#8217;altra banda, van gaudir de l&#8217;espai Explora 0-6: un espai d&#8217;experimentaci\u00f3 amb diferents propostes sensorials i d&#8217;exploraci\u00f3 en les quals, a partir de les seves pr\u00f2pies viv\u00e8ncies, descobreixen diferents aspectes cient\u00edfics.<\/p>\n<p>Els infants van passar d&#8217;un dia ple d&#8217;experi\u00e8ncies, nous descobriments i estones compartides de joc amb els seus companys i companyes.<\/p>\n<p>Aqu\u00ed us deixem un tastet de les fotos:<\/p>\n<blockquote class=\"wp-embedded-content\" data-secret=\"HP0gy2NkRK\"><p><a href=\"https:\/\/agora.xtec.cat\/escolapacocandel\/fotos-privat\/i3-fotos-sortida-mnactec\/\">I3 FOTOS SORTIDA MNACTEC<\/a><\/p><\/blockquote>\n<p><iframe loading=\"lazy\" class=\"wp-embedded-content\" sandbox=\"allow-scripts\" security=\"restricted\" style=\"position: absolute; clip: rect(1px, 1px, 1px, 1px);\" title=\"&#8220;I3 FOTOS SORTIDA MNACTEC&#8221; &#8212; Escola Paco Candel\" src=\"https:\/\/agora.xtec.cat\/escolapacocandel\/fotos-privat\/i3-fotos-sortida-mnactec\/embed\/#?secret=u3IY52BVPm#?secret=HP0gy2NkRK\" data-secret=\"HP0gy2NkRK\" width=\"500\" height=\"282\" frameborder=\"0\" marginwidth=\"0\" marginheight=\"0\" scrolling=\"no\"><\/iframe><\/p>\n","protected":false},"excerpt":{"rendered":"<p>El darrer dimarts 4 de febrer els nens i les nenes dels grups de tres anys van fer una sortida al Museu Nacional de la Ci\u00e8ncia i la T\u00e8cnica de Catalunya. D&#8217;una banda, van poder gaudir de l&#8217;exposici\u00f3 de cotxes, motos, bicicletes i avionetes antigues&hellip;  <a href=\"https:\/\/agora.xtec.cat\/escolapacocandel\/comunitat-de-petits\/sortida-al-mnactec-i3\/\" title=\"Read SORTIDA AL MNACTEC I3\">Llegeix m\u00e9s\u00bb<\/a><\/p>\n","protected":false},"author":60,"featured_media":9712,"comment_status":"open","ping_status":"closed","sticky":false,"template":"","format":"standard","meta":{"_bbp_topic_count":0,"_bbp_reply_count":0,"_bbp_total_topic_count":0,"_bbp_total_reply_count":0,"_bbp_voice_count":0,"_bbp_anonymous_reply_count":0,"_bbp_topic_count_hidden":0,"_bbp_reply_count_hidden":0,"_bbp_forum_subforum_count":0,"footnotes":""},"categories":[182,128],"tags":[111,210,92],"class_list":["post-9711","post","type-post","status-publish","format-standard","has-post-thumbnail","hentry","category-3-anys","category-comunitat-de-petits","tag-ciencia","tag-comunitatdepetites","tag-sortides"],"post_mailing_queue_ids":[],"_links":{"self":[{"href":"https:\/\/agora.xtec.cat\/escolapacocandel\/wp-json\/wp\/v2\/posts\/9711","targetHints":{"allow":["GET"]}}],"collection":[{"href":"https:\/\/agora.xtec.cat\/escolapacocandel\/wp-json\/wp\/v2\/posts"}],"about":[{"href":"https:\/\/agora.xtec.cat\/escolapacocandel\/wp-json\/wp\/v2\/types\/post"}],"author":[{"embeddable":true,"href":"https:\/\/agora.xtec.cat\/escolapacocandel\/wp-json\/wp\/v2\/users\/60"}],"replies":[{"embeddable":true,"href":"https:\/\/agora.xtec.cat\/escolapacocandel\/wp-json\/wp\/v2\/comments?post=9711"}],"version-history":[{"count":1,"href":"https:\/\/agora.xtec.cat\/escolapacocandel\/wp-json\/wp\/v2\/posts\/9711\/revisions"}],"predecessor-version":[{"id":9713,"href":"https:\/\/agora.xtec.cat\/escolapacocandel\/wp-json\/wp\/v2\/posts\/9711\/revisions\/9713"}],"wp:featuredmedia":[{"embeddable":true,"href":"https:\/\/agora.xtec.cat\/escolapacocandel\/wp-json\/wp\/v2\/media\/9712"}],"wp:attachment":[{"href":"https:\/\/agora.xtec.cat\/escolapacocandel\/wp-json\/wp\/v2\/media?parent=9711"}],"wp:term":[{"taxonomy":"category","embeddable":true,"href":"https:\/\/agora.xtec.cat\/escolapacocandel\/wp-json\/wp\/v2\/categories?post=9711"},{"taxonomy":"post_tag","embeddable":true,"href":"https:\/\/agora.xtec.cat\/escolapacocandel\/wp-json\/wp\/v2\/tags?post=9711"}],"curies":[{"name":"wp","href":"https:\/\/api.w.org\/{rel}","templated":true}]}}