{"id":9696,"date":"2025-02-03T13:09:44","date_gmt":"2025-02-03T12:09:44","guid":{"rendered":"https:\/\/agora.xtec.cat\/escolapacocandel\/?p=9696"},"modified":"2025-02-18T18:08:17","modified_gmt":"2025-02-18T17:08:17","slug":"projecte-de-la-radio-a-la-comunitat-de-grans-2","status":"publish","type":"post","link":"https:\/\/agora.xtec.cat\/escolapacocandel\/general\/projecte-de-la-radio-a-la-comunitat-de-grans-2\/","title":{"rendered":"Projecte de la r\u00e0dio a la comunitat de grans"},"content":{"rendered":"<p>Despr\u00e9s de moltes setmanes de treball, investigaci\u00f3 i molta creativitat, els infants de la comunitat de grans han finalitzat el seu projecte de r\u00e0dio!<\/p>\n<p>Han apr\u00e8s a crear continguts, gravar, editar i donar veu a les seves idees, i ara ja podeu escoltar els seus p\u00f2dcasts. Us convidem a entrar al nostre bloc i gaudir de les creacions dels vostres fills i filles.<\/p>\n<p>\ud83d\udd17 Accediu als p\u00f2dcasts aqu\u00ed:<\/p>\n<blockquote class=\"wp-embedded-content\" data-secret=\"IA5s5FzkIe\"><p><a href=\"https:\/\/agora.xtec.cat\/escolapacocandel\/fotos-privat\/projecte-de-la-radio-a-la-comunitat-de-grans\/\">Projecte de la r\u00e0dio a la comunitat de grans<\/a><\/p><\/blockquote>\n<p><iframe loading=\"lazy\" class=\"wp-embedded-content\" sandbox=\"allow-scripts\" security=\"restricted\" style=\"position: absolute; clip: rect(1px, 1px, 1px, 1px);\" title=\"&#8220;Projecte de la r\u00e0dio a la comunitat de grans&#8221; &#8212; Escola Paco Candel\" src=\"https:\/\/agora.xtec.cat\/escolapacocandel\/fotos-privat\/projecte-de-la-radio-a-la-comunitat-de-grans\/embed\/#?secret=9AoFsCUpTI#?secret=IA5s5FzkIe\" data-secret=\"IA5s5FzkIe\" width=\"500\" height=\"282\" frameborder=\"0\" marginwidth=\"0\" marginheight=\"0\" scrolling=\"no\"><\/iframe><\/p>\n<p>Esperem que us agradi tant com a nosaltres!<\/p>\n","protected":false},"excerpt":{"rendered":"<p>Despr\u00e9s de moltes setmanes de treball, investigaci\u00f3 i molta creativitat, els infants de la comunitat de grans han finalitzat el seu projecte de r\u00e0dio!<br \/>\nHan apr\u00e8s a crear continguts, gravar, editar i donar veu a les seves idees, i ara ja podeu escoltar els seus p\u00f2dcasts.&hellip;  <a href=\"https:\/\/agora.xtec.cat\/escolapacocandel\/general\/projecte-de-la-radio-a-la-comunitat-de-grans-2\/\" title=\"Read Projecte de la r\u00e0dio a la comunitat de grans\">Llegeix m\u00e9s\u00bb<\/a><\/p>\n","protected":false},"author":1,"featured_media":9701,"comment_status":"open","ping_status":"closed","sticky":false,"template":"","format":"standard","meta":{"_bbp_topic_count":0,"_bbp_reply_count":0,"_bbp_total_topic_count":0,"_bbp_total_reply_count":0,"_bbp_voice_count":0,"_bbp_anonymous_reply_count":0,"_bbp_topic_count_hidden":0,"_bbp_reply_count_hidden":0,"_bbp_forum_subforum_count":0,"footnotes":""},"categories":[144,129,1,143,146],"tags":[],"class_list":["post-9696","post","type-post","status-publish","format-standard","has-post-thumbnail","hentry","category-5e","category-comunitat-de-grans","category-general","category-4t","category-6e"],"post_mailing_queue_ids":[],"_links":{"self":[{"href":"https:\/\/agora.xtec.cat\/escolapacocandel\/wp-json\/wp\/v2\/posts\/9696","targetHints":{"allow":["GET"]}}],"collection":[{"href":"https:\/\/agora.xtec.cat\/escolapacocandel\/wp-json\/wp\/v2\/posts"}],"about":[{"href":"https:\/\/agora.xtec.cat\/escolapacocandel\/wp-json\/wp\/v2\/types\/post"}],"author":[{"embeddable":true,"href":"https:\/\/agora.xtec.cat\/escolapacocandel\/wp-json\/wp\/v2\/users\/1"}],"replies":[{"embeddable":true,"href":"https:\/\/agora.xtec.cat\/escolapacocandel\/wp-json\/wp\/v2\/comments?post=9696"}],"version-history":[{"count":3,"href":"https:\/\/agora.xtec.cat\/escolapacocandel\/wp-json\/wp\/v2\/posts\/9696\/revisions"}],"predecessor-version":[{"id":9703,"href":"https:\/\/agora.xtec.cat\/escolapacocandel\/wp-json\/wp\/v2\/posts\/9696\/revisions\/9703"}],"wp:featuredmedia":[{"embeddable":true,"href":"https:\/\/agora.xtec.cat\/escolapacocandel\/wp-json\/wp\/v2\/media\/9701"}],"wp:attachment":[{"href":"https:\/\/agora.xtec.cat\/escolapacocandel\/wp-json\/wp\/v2\/media?parent=9696"}],"wp:term":[{"taxonomy":"category","embeddable":true,"href":"https:\/\/agora.xtec.cat\/escolapacocandel\/wp-json\/wp\/v2\/categories?post=9696"},{"taxonomy":"post_tag","embeddable":true,"href":"https:\/\/agora.xtec.cat\/escolapacocandel\/wp-json\/wp\/v2\/tags?post=9696"}],"curies":[{"name":"wp","href":"https:\/\/api.w.org\/{rel}","templated":true}]}}