{"id":9662,"date":"2025-01-27T18:12:14","date_gmt":"2025-01-27T17:12:14","guid":{"rendered":"https:\/\/agora.xtec.cat\/escolapacocandel\/?p=9662"},"modified":"2025-01-27T18:42:57","modified_gmt":"2025-01-27T17:42:57","slug":"informacio-preinscripcio-25-26","status":"publish","type":"post","link":"https:\/\/agora.xtec.cat\/escolapacocandel\/general\/informacio-preinscripcio-25-26\/","title":{"rendered":"Informaci\u00f3 preinscripci\u00f3 25-26"},"content":{"rendered":"<p>Benvolgudes fam\u00edlies.<\/p>\n<p>Enguany iniciem la preinscripci\u00f3 pel curs 25-26. Tota la informaci\u00f3 rellevant d\u2019aquest proc\u00e9s l\u2019anirem compartint mitjan\u00e7ant la <a href=\"https:\/\/agora.xtec.cat\/escolapacocandel\/wp-content\/uploads\/usu332\/2024\/01\/Captura-de-pantalla-2025-01-27-160531.jpg\"><img loading=\"lazy\" decoding=\"async\" class=\"wp-image-9652 size-full alignright\" src=\"https:\/\/agora.xtec.cat\/escolapacocandel\/wp-content\/uploads\/usu332\/2024\/01\/Captura-de-pantalla-2025-01-27-160531.jpg\" alt=\"\" width=\"400\" height=\"619\" srcset=\"https:\/\/agora.xtec.cat\/escolapacocandel\/wp-content\/uploads\/usu332\/2024\/01\/Captura-de-pantalla-2025-01-27-160531.jpg 400w, https:\/\/agora.xtec.cat\/escolapacocandel\/wp-content\/uploads\/usu332\/2024\/01\/Captura-de-pantalla-2025-01-27-160531-194x300.jpg 194w\" sizes=\"auto, (max-width: 400px) 100vw, 400px\" \/><\/a>p\u00e0gina web del centre.<\/p>\n<p>A continuaci\u00f3 trobareu el cartell de les jornades de portes obertes.<\/p>\n<p>Si seguiu <a href=\"https:\/\/docs.google.com\/forms\/d\/e\/1FAIpQLSchw-coWUCkTqEBiAa2vMHYOm6QXK6xzfTtUdaXkwXIxVg_6w\/viewform?usp=sharing\">l\u2018enlla\u00e7<\/a> us portar\u00e0 a un formulari perqu\u00e8 us pugueu inscriure a qualsevol de les dues jornades que us oferim.<\/p>\n<p>Pr\u00f2ximament, tindreu m\u00e9s informaci\u00f3.<\/p>\n","protected":false},"excerpt":{"rendered":"<p>Benvolgudes fam\u00edlies.<br \/>\nEnguany iniciem la preinscripci\u00f3 pel curs 25-26. Tota la informaci\u00f3 rellevant d\u2019aquest proc\u00e9s l\u2019anirem compartint mitjan\u00e7ant la <a href=\"https:\/\/agora.xtec.cat\/escolapacocandel\/wp-content\/uploads\/usu332\/2024\/01\/Captura-de-pantalla-2025-01-27-160531.jpg\"><\/a>p\u00e0gina web del centre.<br \/>\nA continuaci\u00f3 trobareu el cartell de les jornades de portes obertes.<br \/>\nSi seguiu <a href=\"https:\/\/docs.google.com\/forms\/d\/e\/1FAIpQLSchw-coWUCkTqEBiAa2vMHYOm6QXK6xzfTtUdaXkwXIxVg_6w\/viewform?usp=sharing\">l\u2018enlla\u00e7<\/a> us portar\u00e0 a un formulari perqu\u00e8 us pugueu inscriure&hellip;  <a href=\"https:\/\/agora.xtec.cat\/escolapacocandel\/general\/informacio-preinscripcio-25-26\/\" title=\"Read Informaci\u00f3 preinscripci\u00f3 25-26\">Llegeix m\u00e9s\u00bb<\/a><\/p>\n","protected":false},"author":20,"featured_media":9669,"comment_status":"open","ping_status":"closed","sticky":false,"template":"","format":"standard","meta":{"_bbp_topic_count":0,"_bbp_reply_count":0,"_bbp_total_topic_count":0,"_bbp_total_reply_count":0,"_bbp_voice_count":0,"_bbp_anonymous_reply_count":0,"_bbp_topic_count_hidden":0,"_bbp_reply_count_hidden":0,"_bbp_forum_subforum_count":0,"footnotes":""},"categories":[1,4,213],"tags":[],"class_list":["post-9662","post","type-post","status-publish","format-standard","has-post-thumbnail","hentry","category-general","category-portada","category-preinscripcio"],"post_mailing_queue_ids":[],"_links":{"self":[{"href":"https:\/\/agora.xtec.cat\/escolapacocandel\/wp-json\/wp\/v2\/posts\/9662","targetHints":{"allow":["GET"]}}],"collection":[{"href":"https:\/\/agora.xtec.cat\/escolapacocandel\/wp-json\/wp\/v2\/posts"}],"about":[{"href":"https:\/\/agora.xtec.cat\/escolapacocandel\/wp-json\/wp\/v2\/types\/post"}],"author":[{"embeddable":true,"href":"https:\/\/agora.xtec.cat\/escolapacocandel\/wp-json\/wp\/v2\/users\/20"}],"replies":[{"embeddable":true,"href":"https:\/\/agora.xtec.cat\/escolapacocandel\/wp-json\/wp\/v2\/comments?post=9662"}],"version-history":[{"count":3,"href":"https:\/\/agora.xtec.cat\/escolapacocandel\/wp-json\/wp\/v2\/posts\/9662\/revisions"}],"predecessor-version":[{"id":9665,"href":"https:\/\/agora.xtec.cat\/escolapacocandel\/wp-json\/wp\/v2\/posts\/9662\/revisions\/9665"}],"wp:featuredmedia":[{"embeddable":true,"href":"https:\/\/agora.xtec.cat\/escolapacocandel\/wp-json\/wp\/v2\/media\/9669"}],"wp:attachment":[{"href":"https:\/\/agora.xtec.cat\/escolapacocandel\/wp-json\/wp\/v2\/media?parent=9662"}],"wp:term":[{"taxonomy":"category","embeddable":true,"href":"https:\/\/agora.xtec.cat\/escolapacocandel\/wp-json\/wp\/v2\/categories?post=9662"},{"taxonomy":"post_tag","embeddable":true,"href":"https:\/\/agora.xtec.cat\/escolapacocandel\/wp-json\/wp\/v2\/tags?post=9662"}],"curies":[{"name":"wp","href":"https:\/\/api.w.org\/{rel}","templated":true}]}}