{"id":9635,"date":"2025-01-13T18:58:58","date_gmt":"2025-01-13T17:58:58","guid":{"rendered":"https:\/\/agora.xtec.cat\/escolapacocandel\/?p=9635"},"modified":"2025-01-27T19:04:52","modified_gmt":"2025-01-27T18:04:52","slug":"sortida-al-museu-de-la-ciencia-i-la-tecnica-de-terrassa-6e-b","status":"publish","type":"post","link":"https:\/\/agora.xtec.cat\/escolapacocandel\/comunitat-de-grans\/sortida-al-museu-de-la-ciencia-i-la-tecnica-de-terrassa-6e-b\/","title":{"rendered":"Sortida al Museu de la Ci\u00e8ncia i la T\u00e8cnica de Terrassa 6\u00e8 B"},"content":{"rendered":"<p><a href=\"https:\/\/agora.xtec.cat\/escolapacocandel\/wp-content\/uploads\/usu332\/2025\/01\/Projecte-24-scaled.jpeg\"><img loading=\"lazy\" decoding=\"async\" class=\"alignnone wp-image-9644\" src=\"https:\/\/agora.xtec.cat\/escolapacocandel\/wp-content\/uploads\/usu332\/2025\/01\/Projecte-24-768x1024.jpeg\" alt=\"\" width=\"142\" height=\"190\" srcset=\"https:\/\/agora.xtec.cat\/escolapacocandel\/wp-content\/uploads\/usu332\/2025\/01\/Projecte-24-768x1024.jpeg 768w, https:\/\/agora.xtec.cat\/escolapacocandel\/wp-content\/uploads\/usu332\/2025\/01\/Projecte-24-225x300.jpeg 225w, https:\/\/agora.xtec.cat\/escolapacocandel\/wp-content\/uploads\/usu332\/2025\/01\/Projecte-24-1152x1536.jpeg 1152w, https:\/\/agora.xtec.cat\/escolapacocandel\/wp-content\/uploads\/usu332\/2025\/01\/Projecte-24-1536x2048.jpeg 1536w, https:\/\/agora.xtec.cat\/escolapacocandel\/wp-content\/uploads\/usu332\/2025\/01\/Projecte-24-scaled.jpeg 1920w\" sizes=\"auto, (max-width: 142px) 100vw, 142px\" \/><\/a> <a href=\"https:\/\/agora.xtec.cat\/escolapacocandel\/wp-content\/uploads\/usu332\/2025\/01\/Projecte-26-scaled.jpeg\"><img loading=\"lazy\" decoding=\"async\" class=\"alignnone wp-image-9645\" src=\"https:\/\/agora.xtec.cat\/escolapacocandel\/wp-content\/uploads\/usu332\/2025\/01\/Projecte-26-768x1024.jpeg\" alt=\"\" width=\"143\" height=\"191\" srcset=\"https:\/\/agora.xtec.cat\/escolapacocandel\/wp-content\/uploads\/usu332\/2025\/01\/Projecte-26-768x1024.jpeg 768w, https:\/\/agora.xtec.cat\/escolapacocandel\/wp-content\/uploads\/usu332\/2025\/01\/Projecte-26-225x300.jpeg 225w, https:\/\/agora.xtec.cat\/escolapacocandel\/wp-content\/uploads\/usu332\/2025\/01\/Projecte-26-1152x1536.jpeg 1152w, https:\/\/agora.xtec.cat\/escolapacocandel\/wp-content\/uploads\/usu332\/2025\/01\/Projecte-26-1536x2048.jpeg 1536w, https:\/\/agora.xtec.cat\/escolapacocandel\/wp-content\/uploads\/usu332\/2025\/01\/Projecte-26-scaled.jpeg 1920w\" sizes=\"auto, (max-width: 143px) 100vw, 143px\" \/><\/a><\/p>\n<p>Una de les activitats m\u00e9s emocionants del projecte <em>Cient\u00edfiques i Cient\u00edfics<\/em> de 6\u00e8 B va ser la visita al Museu de la Ci\u00e8ncia de Terrassa, on l&#8217;alumnat va participar en l&#8217;activitat: <em>Laboratori de F\u00edsica Experimental Mentora Alsina<\/em>, una recreaci\u00f3 d\u2019un laboratori de f\u00edsica del comen\u00e7ament del segle XX.<\/p>\n<p>L&#8217;alumnat va poder con\u00e8ixer com era un taller de f\u00edsica experimental l&#8217;any 1907 i com s\u2019utilitzaven els aparells per entendre els fen\u00f2mens naturals. Van participar activament en experiments que van permetre comprendre fen\u00f2mens com la hidroest\u00e0tica, l\u2019ac\u00fastica, la mec\u00e0nica, l\u2019\u00f2ptica i els raigs l\u00e0ser, entre d\u2019altres.<\/p>\n<p>Tamb\u00e9, vam gaudir dels entorns i de l&#8217;arquitectura modernista de la Masia Freixa, on vam esmorzar i dinar.<\/p>\n<p>Al seg\u00fcent enlla\u00e7 podeu observar les fotografies de la sortida i un audiovisual sorpresa que trobareu al final de l&#8217;\u00e0lbum que, amb l&#8217;ajudat del nostre delegat d&#8217;aula de fam\u00edlies, us han preparat amb molta il\u00b7lusi\u00f3: <a href=\"https:\/\/agora.xtec.cat\/escolapacocandel\/fotos-privat\/fotos-cientifiques-i-cientifics\/\">FOTOS<\/a><\/p>\n","protected":false},"excerpt":{"rendered":"<p><a href=\"https:\/\/agora.xtec.cat\/escolapacocandel\/wp-content\/uploads\/usu332\/2025\/01\/Projecte-24-scaled.jpeg\"><\/a> <a href=\"https:\/\/agora.xtec.cat\/escolapacocandel\/wp-content\/uploads\/usu332\/2025\/01\/Projecte-26-scaled.jpeg\"><\/a><br \/>\nUna de les activitats m\u00e9s emocionants del projecte Cient\u00edfiques i Cient\u00edfics de 6\u00e8 B va ser la visita al Museu de la Ci\u00e8ncia de Terrassa, on l&#8217;alumnat va participar en l&#8217;activitat: Laboratori de F\u00edsica Experimental Mentora Alsina, una recreaci\u00f3 d\u2019un laboratori de&hellip;  <a href=\"https:\/\/agora.xtec.cat\/escolapacocandel\/comunitat-de-grans\/sortida-al-museu-de-la-ciencia-i-la-tecnica-de-terrassa-6e-b\/\" title=\"Read Sortida al Museu de la Ci\u00e8ncia i la T\u00e8cnica de Terrassa 6\u00e8 B\">Llegeix m\u00e9s\u00bb<\/a><\/p>\n","protected":false},"author":65,"featured_media":9643,"comment_status":"open","ping_status":"closed","sticky":false,"template":"","format":"standard","meta":{"_bbp_topic_count":0,"_bbp_reply_count":0,"_bbp_total_topic_count":0,"_bbp_total_reply_count":0,"_bbp_voice_count":0,"_bbp_anonymous_reply_count":0,"_bbp_topic_count_hidden":0,"_bbp_reply_count_hidden":0,"_bbp_forum_subforum_count":0,"footnotes":""},"categories":[129,146],"tags":[],"class_list":["post-9635","post","type-post","status-publish","format-standard","has-post-thumbnail","hentry","category-comunitat-de-grans","category-6e"],"post_mailing_queue_ids":[],"_links":{"self":[{"href":"https:\/\/agora.xtec.cat\/escolapacocandel\/wp-json\/wp\/v2\/posts\/9635","targetHints":{"allow":["GET"]}}],"collection":[{"href":"https:\/\/agora.xtec.cat\/escolapacocandel\/wp-json\/wp\/v2\/posts"}],"about":[{"href":"https:\/\/agora.xtec.cat\/escolapacocandel\/wp-json\/wp\/v2\/types\/post"}],"author":[{"embeddable":true,"href":"https:\/\/agora.xtec.cat\/escolapacocandel\/wp-json\/wp\/v2\/users\/65"}],"replies":[{"embeddable":true,"href":"https:\/\/agora.xtec.cat\/escolapacocandel\/wp-json\/wp\/v2\/comments?post=9635"}],"version-history":[{"count":5,"href":"https:\/\/agora.xtec.cat\/escolapacocandel\/wp-json\/wp\/v2\/posts\/9635\/revisions"}],"predecessor-version":[{"id":9648,"href":"https:\/\/agora.xtec.cat\/escolapacocandel\/wp-json\/wp\/v2\/posts\/9635\/revisions\/9648"}],"wp:featuredmedia":[{"embeddable":true,"href":"https:\/\/agora.xtec.cat\/escolapacocandel\/wp-json\/wp\/v2\/media\/9643"}],"wp:attachment":[{"href":"https:\/\/agora.xtec.cat\/escolapacocandel\/wp-json\/wp\/v2\/media?parent=9635"}],"wp:term":[{"taxonomy":"category","embeddable":true,"href":"https:\/\/agora.xtec.cat\/escolapacocandel\/wp-json\/wp\/v2\/categories?post=9635"},{"taxonomy":"post_tag","embeddable":true,"href":"https:\/\/agora.xtec.cat\/escolapacocandel\/wp-json\/wp\/v2\/tags?post=9635"}],"curies":[{"name":"wp","href":"https:\/\/api.w.org\/{rel}","templated":true}]}}