{"id":9625,"date":"2025-01-07T18:40:29","date_gmt":"2025-01-07T17:40:29","guid":{"rendered":"https:\/\/agora.xtec.cat\/escolapacocandel\/?p=9625"},"modified":"2025-01-07T18:41:26","modified_gmt":"2025-01-07T17:41:26","slug":"ef-tercer-1r-trimestre","status":"publish","type":"post","link":"https:\/\/agora.xtec.cat\/escolapacocandel\/comunitat-de-mitjans\/ef-tercer-1r-trimestre\/","title":{"rendered":"EF tercer 1r trimestre"},"content":{"rendered":"<p>Les sessions d\u2019aquest inici de 3r han comen\u00e7at amb jocs per activar-nos, seguides de treballs que han perm\u00e8s desenvolupar i perfeccionar habilitats i capacitats m\u00e9s avan\u00e7ades, l\u2019equilibri, els despla\u00e7aments, els salts, els girs i el control d\u2019objectes, organitzades en estacions. La part final de cada sessi\u00f3 ha estat dedicada a activitats tranquil\u00b7les per recuperar la calma, on l\u2019alumnat ha explorat la relaci\u00f3 entre el sistema cardiorespiratori i la intensitat de l\u2019activitat, identificant les difer\u00e8ncies entre els moments d\u2019activaci\u00f3 i de relaxaci\u00f3.<\/p>\n<p>&nbsp;<\/p>\n<blockquote class=\"wp-embedded-content\" data-secret=\"m4PiYMEYG6\"><p><a href=\"https:\/\/agora.xtec.cat\/escolapacocandel\/fotos-privat\/fotos-3r-1r-trim\/\">Fotos 3r 1r trim<\/a><\/p><\/blockquote>\n<p><iframe loading=\"lazy\" class=\"wp-embedded-content\" sandbox=\"allow-scripts\" security=\"restricted\" style=\"position: absolute; clip: rect(1px, 1px, 1px, 1px);\" title=\"&#8220;Fotos 3r 1r trim&#8221; &#8212; Escola Paco Candel\" src=\"https:\/\/agora.xtec.cat\/escolapacocandel\/fotos-privat\/fotos-3r-1r-trim\/embed\/#?secret=lFZFDajLAI#?secret=m4PiYMEYG6\" data-secret=\"m4PiYMEYG6\" width=\"500\" height=\"282\" frameborder=\"0\" marginwidth=\"0\" marginheight=\"0\" scrolling=\"no\"><\/iframe><\/p>\n","protected":false},"excerpt":{"rendered":"<p>Les sessions d\u2019aquest inici de 3r han comen\u00e7at amb jocs per activar-nos, seguides de treballs que han perm\u00e8s desenvolupar i perfeccionar habilitats i capacitats m\u00e9s avan\u00e7ades, l\u2019equilibri, els despla\u00e7aments, els salts, els girs i el control d\u2019objectes, organitzades en estacions. La part final de cada&hellip;  <a href=\"https:\/\/agora.xtec.cat\/escolapacocandel\/comunitat-de-mitjans\/ef-tercer-1r-trimestre\/\" title=\"Read EF tercer 1r trimestre\">Llegeix m\u00e9s\u00bb<\/a><\/p>\n","protected":false},"author":25,"featured_media":9627,"comment_status":"open","ping_status":"closed","sticky":false,"template":"","format":"standard","meta":{"_bbp_topic_count":0,"_bbp_reply_count":0,"_bbp_total_topic_count":0,"_bbp_total_reply_count":0,"_bbp_voice_count":0,"_bbp_anonymous_reply_count":0,"_bbp_topic_count_hidden":0,"_bbp_reply_count_hidden":0,"_bbp_forum_subforum_count":0,"footnotes":""},"categories":[127,141],"tags":[],"class_list":["post-9625","post","type-post","status-publish","format-standard","has-post-thumbnail","hentry","category-comunitat-de-mitjans","category-3r"],"post_mailing_queue_ids":[],"_links":{"self":[{"href":"https:\/\/agora.xtec.cat\/escolapacocandel\/wp-json\/wp\/v2\/posts\/9625","targetHints":{"allow":["GET"]}}],"collection":[{"href":"https:\/\/agora.xtec.cat\/escolapacocandel\/wp-json\/wp\/v2\/posts"}],"about":[{"href":"https:\/\/agora.xtec.cat\/escolapacocandel\/wp-json\/wp\/v2\/types\/post"}],"author":[{"embeddable":true,"href":"https:\/\/agora.xtec.cat\/escolapacocandel\/wp-json\/wp\/v2\/users\/25"}],"replies":[{"embeddable":true,"href":"https:\/\/agora.xtec.cat\/escolapacocandel\/wp-json\/wp\/v2\/comments?post=9625"}],"version-history":[{"count":1,"href":"https:\/\/agora.xtec.cat\/escolapacocandel\/wp-json\/wp\/v2\/posts\/9625\/revisions"}],"predecessor-version":[{"id":9626,"href":"https:\/\/agora.xtec.cat\/escolapacocandel\/wp-json\/wp\/v2\/posts\/9625\/revisions\/9626"}],"wp:featuredmedia":[{"embeddable":true,"href":"https:\/\/agora.xtec.cat\/escolapacocandel\/wp-json\/wp\/v2\/media\/9627"}],"wp:attachment":[{"href":"https:\/\/agora.xtec.cat\/escolapacocandel\/wp-json\/wp\/v2\/media?parent=9625"}],"wp:term":[{"taxonomy":"category","embeddable":true,"href":"https:\/\/agora.xtec.cat\/escolapacocandel\/wp-json\/wp\/v2\/categories?post=9625"},{"taxonomy":"post_tag","embeddable":true,"href":"https:\/\/agora.xtec.cat\/escolapacocandel\/wp-json\/wp\/v2\/tags?post=9625"}],"curies":[{"name":"wp","href":"https:\/\/api.w.org\/{rel}","templated":true}]}}