{"id":9621,"date":"2025-01-07T18:46:33","date_gmt":"2025-01-07T17:46:33","guid":{"rendered":"https:\/\/agora.xtec.cat\/escolapacocandel\/?p=9621"},"modified":"2025-01-07T18:46:33","modified_gmt":"2025-01-07T17:46:33","slug":"ef-segon-1r-trimestre","status":"publish","type":"post","link":"https:\/\/agora.xtec.cat\/escolapacocandel\/comunitat-de-mitjans\/ef-segon-1r-trimestre\/","title":{"rendered":"EF segon 1r trimestre"},"content":{"rendered":"<p>Aquest inici de 2n l\u2019alumnat ha continuat avan\u00e7ant en el treball iniciat a primer.<\/p>\n<p>Les sessions han comen\u00e7at amb jocs per activar-nos, seguidament s\u2019han desenvolupat i perfeccionat diverses habilitats i capacitats, com l\u2019equilibri, els despla\u00e7aments, els salts, els girs i el control d\u2019objectes, mitjan\u00e7ant activitats organitzades en estacions. Per concloure, sempre s\u2019ha dedicat un moment a la relaxaci\u00f3 amb activitats calmades.<\/p>\n<p>Tamb\u00e9 s\u2019han continuat treballant conceptes com la diferenciaci\u00f3 entre la dreta i l\u2019esquerra, les parts del cos i les articulacions.<\/p>\n<p>Aquest proc\u00e9s ens permet con\u00e8ixer millor el nostre cos i descobrir tot el que \u00e9s capa\u00e7 de fer.<\/p>\n<p>&nbsp;<\/p>\n<blockquote class=\"wp-embedded-content\" data-secret=\"USEpJ3HpdU\"><p><a href=\"https:\/\/agora.xtec.cat\/escolapacocandel\/fotos-privat\/fotos-2n-1r-trim\/\">Fotos 2n 1r trim<\/a><\/p><\/blockquote>\n<p><iframe loading=\"lazy\" class=\"wp-embedded-content\" sandbox=\"allow-scripts\" security=\"restricted\" style=\"position: absolute; clip: rect(1px, 1px, 1px, 1px);\" title=\"&#8220;Fotos 2n 1r trim&#8221; &#8212; Escola Paco Candel\" src=\"https:\/\/agora.xtec.cat\/escolapacocandel\/fotos-privat\/fotos-2n-1r-trim\/embed\/#?secret=yynogRbozR#?secret=USEpJ3HpdU\" data-secret=\"USEpJ3HpdU\" width=\"500\" height=\"282\" frameborder=\"0\" marginwidth=\"0\" marginheight=\"0\" scrolling=\"no\"><\/iframe><\/p>\n","protected":false},"excerpt":{"rendered":"<p>Aquest inici de 2n l\u2019alumnat ha continuat avan\u00e7ant en el treball iniciat a primer.<br \/>\nLes sessions han comen\u00e7at amb jocs per activar-nos, seguidament s\u2019han desenvolupat i perfeccionat diverses habilitats i capacitats, com l\u2019equilibri, els despla\u00e7aments, els salts, els girs i el control d\u2019objectes, mitjan\u00e7ant activitats organitzades&hellip;  <a href=\"https:\/\/agora.xtec.cat\/escolapacocandel\/comunitat-de-mitjans\/ef-segon-1r-trimestre\/\" title=\"Read EF segon 1r trimestre\">Llegeix m\u00e9s\u00bb<\/a><\/p>\n","protected":false},"author":25,"featured_media":9630,"comment_status":"open","ping_status":"closed","sticky":false,"template":"","format":"standard","meta":{"_bbp_topic_count":0,"_bbp_reply_count":0,"_bbp_total_topic_count":0,"_bbp_total_reply_count":0,"_bbp_voice_count":0,"_bbp_anonymous_reply_count":0,"_bbp_topic_count_hidden":0,"_bbp_reply_count_hidden":0,"_bbp_forum_subforum_count":0,"footnotes":""},"categories":[127,137],"tags":[],"class_list":["post-9621","post","type-post","status-publish","format-standard","has-post-thumbnail","hentry","category-comunitat-de-mitjans","category-2n"],"post_mailing_queue_ids":[],"_links":{"self":[{"href":"https:\/\/agora.xtec.cat\/escolapacocandel\/wp-json\/wp\/v2\/posts\/9621","targetHints":{"allow":["GET"]}}],"collection":[{"href":"https:\/\/agora.xtec.cat\/escolapacocandel\/wp-json\/wp\/v2\/posts"}],"about":[{"href":"https:\/\/agora.xtec.cat\/escolapacocandel\/wp-json\/wp\/v2\/types\/post"}],"author":[{"embeddable":true,"href":"https:\/\/agora.xtec.cat\/escolapacocandel\/wp-json\/wp\/v2\/users\/25"}],"replies":[{"embeddable":true,"href":"https:\/\/agora.xtec.cat\/escolapacocandel\/wp-json\/wp\/v2\/comments?post=9621"}],"version-history":[{"count":1,"href":"https:\/\/agora.xtec.cat\/escolapacocandel\/wp-json\/wp\/v2\/posts\/9621\/revisions"}],"predecessor-version":[{"id":9622,"href":"https:\/\/agora.xtec.cat\/escolapacocandel\/wp-json\/wp\/v2\/posts\/9621\/revisions\/9622"}],"wp:featuredmedia":[{"embeddable":true,"href":"https:\/\/agora.xtec.cat\/escolapacocandel\/wp-json\/wp\/v2\/media\/9630"}],"wp:attachment":[{"href":"https:\/\/agora.xtec.cat\/escolapacocandel\/wp-json\/wp\/v2\/media?parent=9621"}],"wp:term":[{"taxonomy":"category","embeddable":true,"href":"https:\/\/agora.xtec.cat\/escolapacocandel\/wp-json\/wp\/v2\/categories?post=9621"},{"taxonomy":"post_tag","embeddable":true,"href":"https:\/\/agora.xtec.cat\/escolapacocandel\/wp-json\/wp\/v2\/tags?post=9621"}],"curies":[{"name":"wp","href":"https:\/\/api.w.org\/{rel}","templated":true}]}}