{"id":9617,"date":"2025-01-07T18:42:22","date_gmt":"2025-01-07T17:42:22","guid":{"rendered":"https:\/\/agora.xtec.cat\/escolapacocandel\/?p=9617"},"modified":"2025-01-07T18:43:29","modified_gmt":"2025-01-07T17:43:29","slug":"ef-primer-1r-trimestre","status":"publish","type":"post","link":"https:\/\/agora.xtec.cat\/escolapacocandel\/comunitat-de-mitjans\/ef-primer-1r-trimestre\/","title":{"rendered":"EF primer 1r trimestre"},"content":{"rendered":"<p>Aquest trimestre l\u2019alumnat de 1r ha comen\u00e7at a fer Educaci\u00f3 F\u00edsica, on ha gaudit molt de les diverses activitats i jocs proposats.<br \/>\nDurant les sessions, s\u2019han introdu\u00eft algunes nocions com distingir la part dreta de l\u2019esquerra i identificar algunes parts de la cara. L\u2019alumnat ha participat en jocs d\u2019escalfament per activar-se, despr\u00e9s han treballat diferents habilitats i capacitats com l\u2019equilibri, els despla\u00e7aments, els salts, els girs i el control d\u2019objectes, tot organitzat per estacions. I al final de cada sessi\u00f3, sempre s\u2019ha dedicat un moment per la tornada a la calma amb activitats m\u00e9s tranquil\u00b7les.<\/p>\n<p>&nbsp;<\/p>\n<blockquote class=\"wp-embedded-content\" data-secret=\"fnLJ25Ie8H\"><p><a href=\"https:\/\/agora.xtec.cat\/escolapacocandel\/fotos-privat\/fotos-ef-1r\/\">Fotos EF 1r<\/a><\/p><\/blockquote>\n<p><iframe loading=\"lazy\" class=\"wp-embedded-content\" sandbox=\"allow-scripts\" security=\"restricted\" style=\"position: absolute; clip: rect(1px, 1px, 1px, 1px);\" title=\"&#8220;Fotos EF 1r&#8221; &#8212; Escola Paco Candel\" src=\"https:\/\/agora.xtec.cat\/escolapacocandel\/fotos-privat\/fotos-ef-1r\/embed\/#?secret=YjcLFVaYvw#?secret=fnLJ25Ie8H\" data-secret=\"fnLJ25Ie8H\" width=\"500\" height=\"282\" frameborder=\"0\" marginwidth=\"0\" marginheight=\"0\" scrolling=\"no\"><\/iframe><\/p>\n","protected":false},"excerpt":{"rendered":"<p>Aquest trimestre l\u2019alumnat de 1r ha comen\u00e7at a fer Educaci\u00f3 F\u00edsica, on ha gaudit molt de les diverses activitats i jocs proposats.<br \/>\nDurant les sessions, s\u2019han introdu\u00eft algunes nocions com distingir la part dreta de l\u2019esquerra i identificar algunes parts de la cara. L\u2019alumnat ha participat&hellip;  <a href=\"https:\/\/agora.xtec.cat\/escolapacocandel\/comunitat-de-mitjans\/ef-primer-1r-trimestre\/\" title=\"Read EF primer 1r trimestre\">Llegeix m\u00e9s\u00bb<\/a><\/p>\n","protected":false},"author":25,"featured_media":9628,"comment_status":"open","ping_status":"closed","sticky":false,"template":"","format":"standard","meta":{"_bbp_topic_count":0,"_bbp_reply_count":0,"_bbp_total_topic_count":0,"_bbp_total_reply_count":0,"_bbp_voice_count":0,"_bbp_anonymous_reply_count":0,"_bbp_topic_count_hidden":0,"_bbp_reply_count_hidden":0,"_bbp_forum_subforum_count":0,"footnotes":""},"categories":[127,140],"tags":[],"class_list":["post-9617","post","type-post","status-publish","format-standard","has-post-thumbnail","hentry","category-comunitat-de-mitjans","category-1r"],"post_mailing_queue_ids":[],"_links":{"self":[{"href":"https:\/\/agora.xtec.cat\/escolapacocandel\/wp-json\/wp\/v2\/posts\/9617","targetHints":{"allow":["GET"]}}],"collection":[{"href":"https:\/\/agora.xtec.cat\/escolapacocandel\/wp-json\/wp\/v2\/posts"}],"about":[{"href":"https:\/\/agora.xtec.cat\/escolapacocandel\/wp-json\/wp\/v2\/types\/post"}],"author":[{"embeddable":true,"href":"https:\/\/agora.xtec.cat\/escolapacocandel\/wp-json\/wp\/v2\/users\/25"}],"replies":[{"embeddable":true,"href":"https:\/\/agora.xtec.cat\/escolapacocandel\/wp-json\/wp\/v2\/comments?post=9617"}],"version-history":[{"count":2,"href":"https:\/\/agora.xtec.cat\/escolapacocandel\/wp-json\/wp\/v2\/posts\/9617\/revisions"}],"predecessor-version":[{"id":9629,"href":"https:\/\/agora.xtec.cat\/escolapacocandel\/wp-json\/wp\/v2\/posts\/9617\/revisions\/9629"}],"wp:featuredmedia":[{"embeddable":true,"href":"https:\/\/agora.xtec.cat\/escolapacocandel\/wp-json\/wp\/v2\/media\/9628"}],"wp:attachment":[{"href":"https:\/\/agora.xtec.cat\/escolapacocandel\/wp-json\/wp\/v2\/media?parent=9617"}],"wp:term":[{"taxonomy":"category","embeddable":true,"href":"https:\/\/agora.xtec.cat\/escolapacocandel\/wp-json\/wp\/v2\/categories?post=9617"},{"taxonomy":"post_tag","embeddable":true,"href":"https:\/\/agora.xtec.cat\/escolapacocandel\/wp-json\/wp\/v2\/tags?post=9617"}],"curies":[{"name":"wp","href":"https:\/\/api.w.org\/{rel}","templated":true}]}}