{"id":9610,"date":"2024-12-19T16:30:43","date_gmt":"2024-12-19T15:30:43","guid":{"rendered":"https:\/\/agora.xtec.cat\/escolapacocandel\/?p=9610"},"modified":"2024-12-18T13:25:00","modified_gmt":"2024-12-18T12:25:00","slug":"projecte-arts-life-6e-a-2","status":"publish","type":"post","link":"https:\/\/agora.xtec.cat\/escolapacocandel\/comunitat-de-grans\/projecte-arts-life-6e-a-2\/","title":{"rendered":"Projecte Art&#8217;s life 6\u00e8 A"},"content":{"rendered":"<p>Aquest curs, l\u2019alumnat de 6\u00e8 A ha treballat en un projecte molt especial per donar nom a la seva classe en aquest \u00faltim any a l\u2019escola. Despr\u00e9s d\u2019un proc\u00e9s participatiu i creatiu, hem decidit que aquest any el nom escollit seria &#8220;Art&#8217;s Life&#8221;, un nom que reflecteix l&#8217;ess\u00e8ncia de tot el que hem descobert i treballat junts sobre el m\u00f3n de l\u2019art.<\/p>\n<p><a href=\"https:\/\/agora.xtec.cat\/escolapacocandel\/wp-content\/uploads\/usu332\/2024\/12\/Captura-de-pantalla-2024-12-18-131741.jpg\"><img loading=\"lazy\" decoding=\"async\" class=\" wp-image-9612 alignright\" src=\"https:\/\/agora.xtec.cat\/escolapacocandel\/wp-content\/uploads\/usu332\/2024\/12\/Captura-de-pantalla-2024-12-18-131741-300x199.jpg\" alt=\"\" width=\"264\" height=\"175\" srcset=\"https:\/\/agora.xtec.cat\/escolapacocandel\/wp-content\/uploads\/usu332\/2024\/12\/Captura-de-pantalla-2024-12-18-131741-300x199.jpg 300w, https:\/\/agora.xtec.cat\/escolapacocandel\/wp-content\/uploads\/usu332\/2024\/12\/Captura-de-pantalla-2024-12-18-131741-1024x679.jpg 1024w, https:\/\/agora.xtec.cat\/escolapacocandel\/wp-content\/uploads\/usu332\/2024\/12\/Captura-de-pantalla-2024-12-18-131741-768x510.jpg 768w, https:\/\/agora.xtec.cat\/escolapacocandel\/wp-content\/uploads\/usu332\/2024\/12\/Captura-de-pantalla-2024-12-18-131741.jpg 1159w\" sizes=\"auto, (max-width: 264px) 100vw, 264px\" \/><\/a><br \/>\nLa idea va n\u00e9ixer d\u2019una exposici\u00f3 oral on els infants fan les seves propostes i a partir d\u2019aqu\u00ed, es van formar els diferents equips de treball. Cada equip va proposar i defensar les seves idees, inspirant-se en artistes coneguts, obres que ja coneixien fins a arribar a la selecci\u00f3 dels 5 artistes que treballarien.<br \/>\nPerqu\u00e8 tot funcion\u00e9s, cada membre de l\u2019equip tenia un rol concret, i gr\u00e0cies a la implicaci\u00f3 de tots i totes, cadasc\u00fa va aportar la seva part per fer realitat aquest projecte. S\u2019han fet debats, reunions d\u2019equip i moltes converses per arribar a acords.<\/p>\n<p><a href=\"https:\/\/agora.xtec.cat\/escolapacocandel\/wp-content\/uploads\/usu332\/2024\/12\/Captura-de-pantalla-2024-12-18-131805.jpg\"><img loading=\"lazy\" decoding=\"async\" class=\" wp-image-9613 alignright\" src=\"https:\/\/agora.xtec.cat\/escolapacocandel\/wp-content\/uploads\/usu332\/2024\/12\/Captura-de-pantalla-2024-12-18-131805-246x300.jpg\" alt=\"\" width=\"202\" height=\"246\" srcset=\"https:\/\/agora.xtec.cat\/escolapacocandel\/wp-content\/uploads\/usu332\/2024\/12\/Captura-de-pantalla-2024-12-18-131805-246x300.jpg 246w, https:\/\/agora.xtec.cat\/escolapacocandel\/wp-content\/uploads\/usu332\/2024\/12\/Captura-de-pantalla-2024-12-18-131805.jpg 652w\" sizes=\"auto, (max-width: 202px) 100vw, 202px\" \/><\/a><br \/>\nPer culminar aquest projecte, vam decidir crear un museu com a producte final (amb els quadres, escultures o fotografies que s\u2019han creat a l\u2019aula). Aquest espai tan especial mostra tot el que hem apr\u00e8s i creat durant aquestes setmanes, a m\u00e9s de la documentaci\u00f3 que els infants han elaborat amb molt d\u2019esfor\u00e7.<br \/>\nA m\u00e9s, al llarg dels mesos de treball, hem capturat moments \u00fanics en fotografies i v\u00eddeos que mostren el proc\u00e9s, l\u2019esfor\u00e7 i la dedicaci\u00f3 dels infants. Totes aquestes imatges ja estan penjades al bloc de l\u2019escola perqu\u00e8 les pugueu veure i gaudir.<\/p>\n<blockquote class=\"wp-embedded-content\" data-secret=\"zzIl8r0Qeo\"><p><a href=\"https:\/\/agora.xtec.cat\/escolapacocandel\/fotos-privat\/projecte-arts-life-6e-a\/\">Projecte Art&#8217;s life 6\u00e8 A<\/a><\/p><\/blockquote>\n<p><iframe loading=\"lazy\" class=\"wp-embedded-content\" sandbox=\"allow-scripts\" security=\"restricted\" style=\"position: absolute; clip: rect(1px, 1px, 1px, 1px);\" title=\"&#8220;Projecte Art&#8217;s life 6\u00e8 A&#8221; &#8212; Escola Paco Candel\" src=\"https:\/\/agora.xtec.cat\/escolapacocandel\/fotos-privat\/projecte-arts-life-6e-a\/embed\/#?secret=eD4NVn6A44#?secret=zzIl8r0Qeo\" data-secret=\"zzIl8r0Qeo\" width=\"500\" height=\"282\" frameborder=\"0\" marginwidth=\"0\" marginheight=\"0\" scrolling=\"no\"><\/iframe><\/p>\n","protected":false},"excerpt":{"rendered":"<p>Aquest curs, l\u2019alumnat de 6\u00e8 A ha treballat en un projecte molt especial per donar nom a la seva classe en aquest \u00faltim any a l\u2019escola. Despr\u00e9s d\u2019un proc\u00e9s participatiu i creatiu, hem decidit que aquest any el nom escollit seria &#8220;Art&#8217;s Life&#8221;, un nom&hellip;  <a href=\"https:\/\/agora.xtec.cat\/escolapacocandel\/comunitat-de-grans\/projecte-arts-life-6e-a-2\/\" title=\"Read Projecte Art&#8217;s life 6\u00e8 A\">Llegeix m\u00e9s\u00bb<\/a><\/p>\n","protected":false},"author":20,"featured_media":9611,"comment_status":"open","ping_status":"closed","sticky":false,"template":"","format":"standard","meta":{"_bbp_topic_count":0,"_bbp_reply_count":0,"_bbp_total_topic_count":0,"_bbp_total_reply_count":0,"_bbp_voice_count":0,"_bbp_anonymous_reply_count":0,"_bbp_topic_count_hidden":0,"_bbp_reply_count_hidden":0,"_bbp_forum_subforum_count":0,"footnotes":""},"categories":[129,146],"tags":[],"class_list":["post-9610","post","type-post","status-publish","format-standard","has-post-thumbnail","hentry","category-comunitat-de-grans","category-6e"],"post_mailing_queue_ids":[],"_links":{"self":[{"href":"https:\/\/agora.xtec.cat\/escolapacocandel\/wp-json\/wp\/v2\/posts\/9610","targetHints":{"allow":["GET"]}}],"collection":[{"href":"https:\/\/agora.xtec.cat\/escolapacocandel\/wp-json\/wp\/v2\/posts"}],"about":[{"href":"https:\/\/agora.xtec.cat\/escolapacocandel\/wp-json\/wp\/v2\/types\/post"}],"author":[{"embeddable":true,"href":"https:\/\/agora.xtec.cat\/escolapacocandel\/wp-json\/wp\/v2\/users\/20"}],"replies":[{"embeddable":true,"href":"https:\/\/agora.xtec.cat\/escolapacocandel\/wp-json\/wp\/v2\/comments?post=9610"}],"version-history":[{"count":1,"href":"https:\/\/agora.xtec.cat\/escolapacocandel\/wp-json\/wp\/v2\/posts\/9610\/revisions"}],"predecessor-version":[{"id":9614,"href":"https:\/\/agora.xtec.cat\/escolapacocandel\/wp-json\/wp\/v2\/posts\/9610\/revisions\/9614"}],"wp:featuredmedia":[{"embeddable":true,"href":"https:\/\/agora.xtec.cat\/escolapacocandel\/wp-json\/wp\/v2\/media\/9611"}],"wp:attachment":[{"href":"https:\/\/agora.xtec.cat\/escolapacocandel\/wp-json\/wp\/v2\/media?parent=9610"}],"wp:term":[{"taxonomy":"category","embeddable":true,"href":"https:\/\/agora.xtec.cat\/escolapacocandel\/wp-json\/wp\/v2\/categories?post=9610"},{"taxonomy":"post_tag","embeddable":true,"href":"https:\/\/agora.xtec.cat\/escolapacocandel\/wp-json\/wp\/v2\/tags?post=9610"}],"curies":[{"name":"wp","href":"https:\/\/api.w.org\/{rel}","templated":true}]}}