{"id":9598,"date":"2024-12-12T12:00:30","date_gmt":"2024-12-12T11:00:30","guid":{"rendered":"https:\/\/agora.xtec.cat\/escolapacocandel\/?p=9598"},"modified":"2024-12-10T14:09:47","modified_gmt":"2024-12-10T13:09:47","slug":"improvisa-2","status":"publish","type":"post","link":"https:\/\/agora.xtec.cat\/escolapacocandel\/comunitat-de-grans\/improvisa-2\/","title":{"rendered":"Improvisa!"},"content":{"rendered":"<p>Aquesta setmana, l\u2019alumnat de 6\u00e8 va tenir l\u2019oportunitat de participar en l\u2019activitat &#8220;Improvisa!&#8221; al CaixaForum, una experi\u00e8ncia enriquidora que els va acostar al m\u00f3n de la m\u00fasica moderna d\u2019una manera creativa i participativa.<\/p>\n<p>Durant el taller, els infants van descobrir les difer\u00e8ncies entre la m\u00fasica moderna i la cl\u00e0ssica, alhora que es van endinsar en els recursos propis del llenguatge musical. Aix\u00ed, a trav\u00e9s del treball en equip i la seva imaginaci\u00f3, van aprendre a articular aquests recursos per crear una pe\u00e7a musical \u00fanica i improvisada.<\/p>\n<p>Al final del taller, es van presentar diferents composicions musicals davant dels seus companys i companyes. Aquests moments es van gravar en v\u00eddeo com a record d\u2019una jornada plena d\u2019aprenentatge i diversi\u00f3.<\/p>\n<p>Aqu\u00ed us deixem les fotografies i els v\u00eddeos de la sortida al bloc:<\/p>\n<blockquote class=\"wp-embedded-content\" data-secret=\"QkezQ6J7Uw\"><p><a href=\"https:\/\/agora.xtec.cat\/escolapacocandel\/fotos-privat\/improvisa\/\">Improvisa!<\/a><\/p><\/blockquote>\n<p><iframe loading=\"lazy\" class=\"wp-embedded-content\" sandbox=\"allow-scripts\" security=\"restricted\" style=\"position: absolute; clip: rect(1px, 1px, 1px, 1px);\" title=\"&#8220;Improvisa!&#8221; &#8212; Escola Paco Candel\" src=\"https:\/\/agora.xtec.cat\/escolapacocandel\/fotos-privat\/improvisa\/embed\/#?secret=Cm7ggf8147#?secret=QkezQ6J7Uw\" data-secret=\"QkezQ6J7Uw\" width=\"500\" height=\"282\" frameborder=\"0\" marginwidth=\"0\" marginheight=\"0\" scrolling=\"no\"><\/iframe><\/p>\n","protected":false},"excerpt":{"rendered":"<p>Aquesta setmana, l\u2019alumnat de 6\u00e8 va tenir l\u2019oportunitat de participar en l\u2019activitat &#8220;Improvisa!&#8221; al CaixaForum, una experi\u00e8ncia enriquidora que els va acostar al m\u00f3n de la m\u00fasica moderna d\u2019una manera creativa i participativa.<br \/>\nDurant el taller, els infants van descobrir les difer\u00e8ncies entre la m\u00fasica moderna&hellip;  <a href=\"https:\/\/agora.xtec.cat\/escolapacocandel\/comunitat-de-grans\/improvisa-2\/\" title=\"Read Improvisa!\">Llegeix m\u00e9s\u00bb<\/a><\/p>\n","protected":false},"author":20,"featured_media":9599,"comment_status":"open","ping_status":"closed","sticky":false,"template":"","format":"standard","meta":{"_bbp_topic_count":0,"_bbp_reply_count":0,"_bbp_total_topic_count":0,"_bbp_total_reply_count":0,"_bbp_voice_count":0,"_bbp_anonymous_reply_count":0,"_bbp_topic_count_hidden":0,"_bbp_reply_count_hidden":0,"_bbp_forum_subforum_count":0,"footnotes":""},"categories":[129,146],"tags":[],"class_list":["post-9598","post","type-post","status-publish","format-standard","has-post-thumbnail","hentry","category-comunitat-de-grans","category-6e"],"post_mailing_queue_ids":[],"_links":{"self":[{"href":"https:\/\/agora.xtec.cat\/escolapacocandel\/wp-json\/wp\/v2\/posts\/9598","targetHints":{"allow":["GET"]}}],"collection":[{"href":"https:\/\/agora.xtec.cat\/escolapacocandel\/wp-json\/wp\/v2\/posts"}],"about":[{"href":"https:\/\/agora.xtec.cat\/escolapacocandel\/wp-json\/wp\/v2\/types\/post"}],"author":[{"embeddable":true,"href":"https:\/\/agora.xtec.cat\/escolapacocandel\/wp-json\/wp\/v2\/users\/20"}],"replies":[{"embeddable":true,"href":"https:\/\/agora.xtec.cat\/escolapacocandel\/wp-json\/wp\/v2\/comments?post=9598"}],"version-history":[{"count":1,"href":"https:\/\/agora.xtec.cat\/escolapacocandel\/wp-json\/wp\/v2\/posts\/9598\/revisions"}],"predecessor-version":[{"id":9602,"href":"https:\/\/agora.xtec.cat\/escolapacocandel\/wp-json\/wp\/v2\/posts\/9598\/revisions\/9602"}],"wp:featuredmedia":[{"embeddable":true,"href":"https:\/\/agora.xtec.cat\/escolapacocandel\/wp-json\/wp\/v2\/media\/9599"}],"wp:attachment":[{"href":"https:\/\/agora.xtec.cat\/escolapacocandel\/wp-json\/wp\/v2\/media?parent=9598"}],"wp:term":[{"taxonomy":"category","embeddable":true,"href":"https:\/\/agora.xtec.cat\/escolapacocandel\/wp-json\/wp\/v2\/categories?post=9598"},{"taxonomy":"post_tag","embeddable":true,"href":"https:\/\/agora.xtec.cat\/escolapacocandel\/wp-json\/wp\/v2\/tags?post=9598"}],"curies":[{"name":"wp","href":"https:\/\/api.w.org\/{rel}","templated":true}]}}