{"id":9589,"date":"2024-12-09T09:00:12","date_gmt":"2024-12-09T08:00:12","guid":{"rendered":"https:\/\/agora.xtec.cat\/escolapacocandel\/?p=9589"},"modified":"2024-12-09T16:46:41","modified_gmt":"2024-12-09T15:46:41","slug":"la-magia-de-la-lectura","status":"publish","type":"post","link":"https:\/\/agora.xtec.cat\/escolapacocandel\/general\/la-magia-de-la-lectura\/","title":{"rendered":"La m\u00e0gia de la lectura"},"content":{"rendered":"<p><a href=\"https:\/\/agora.xtec.cat\/escolapacocandel\/wp-content\/uploads\/usu332\/2024\/12\/d5a0d3ff-5e9d-47d7-a977-0782e3f398f3-e1733261353140.jpg\"><img loading=\"lazy\" decoding=\"async\" class=\"wp-image-9590 alignleft\" src=\"https:\/\/agora.xtec.cat\/escolapacocandel\/wp-content\/uploads\/usu332\/2024\/12\/d5a0d3ff-5e9d-47d7-a977-0782e3f398f3-e1733261353140-1002x1024.jpg\" alt=\"\" width=\"335\" height=\"342\" srcset=\"https:\/\/agora.xtec.cat\/escolapacocandel\/wp-content\/uploads\/usu332\/2024\/12\/d5a0d3ff-5e9d-47d7-a977-0782e3f398f3-e1733261353140-1002x1024.jpg 1002w, https:\/\/agora.xtec.cat\/escolapacocandel\/wp-content\/uploads\/usu332\/2024\/12\/d5a0d3ff-5e9d-47d7-a977-0782e3f398f3-e1733261353140-294x300.jpg 294w, https:\/\/agora.xtec.cat\/escolapacocandel\/wp-content\/uploads\/usu332\/2024\/12\/d5a0d3ff-5e9d-47d7-a977-0782e3f398f3-e1733261353140-768x785.jpg 768w, https:\/\/agora.xtec.cat\/escolapacocandel\/wp-content\/uploads\/usu332\/2024\/12\/d5a0d3ff-5e9d-47d7-a977-0782e3f398f3-e1733261353140.jpg 1200w\" sizes=\"auto, (max-width: 335px) 100vw, 335px\" \/><\/a><\/p>\n<p style=\"text-align: justify;\"><span style=\"font-weight: 400;\">Qui no ha sentit mai l&#8217;emoci\u00f3 de submergir-se en una bona hist\u00f2ria, d\u2019aquelles que t\u2019atrapen i et fa perdre la noci\u00f3 del temps?\u00a0<\/span><\/p>\n<p style=\"text-align: justify;\"><span style=\"font-weight: 400;\">La lectura ens obre la porta a mons infinits, despertant la imaginaci\u00f3 i la sorpresa de petits i grans. Per\u00f2 m\u00e9s enll\u00e0 del plaer de llegir, aquesta activitat t\u00e9 un paper fonamental en el desenvolupament integral dels infants. Des de les primeres edats, submergir els petits en el meravell\u00f3s univers dels contes i les hist\u00f2ries aporta innombrables beneficis per al seu creixement cognitiu, emocional, social i ling\u00fc\u00edstic. A trav\u00e9s dels llibres, els infants expandeixen el seu vocabulari, desenvolupen la seva capacitat de comprensi\u00f3 del m\u00f3n que els envolta, poden descobrir diferents personatges aix\u00ed com diversos punts de vista, tot aix\u00f2 mentre viuen mil i una aventures!\u00a0<\/span><\/p>\n<p style=\"text-align: justify;\"><span style=\"font-weight: 400;\">A l\u2019escola, les hist\u00f2ries comencen sempre en un rac\u00f3 acollidor de l\u2019aula, un moment tranquil on els adults, siguin docents o fam\u00edlies, creen un clima relaxat per explicar una petita hist\u00f2ria. Uns ulls curiosos observen amb atenci\u00f3 les il\u00b7lustracions, mentre les orelles escolten amb atenci\u00f3 una narraci\u00f3 que amb la veu transmet emocions, amb l\u2019entonaci\u00f3 accentua l\u2019acci\u00f3, i amb les paraules obre les portes de la imaginaci\u00f3\u2026\u00a0<\/span><\/p>\n<p style=\"text-align: justify;\"><a href=\"https:\/\/agora.xtec.cat\/escolapacocandel\/wp-content\/uploads\/usu332\/2024\/12\/WhatsApp-Image-2024-11-19-at-20.57.46-1-e1733261417679.jpeg\"><img loading=\"lazy\" decoding=\"async\" class=\"wp-image-9591 alignright\" src=\"https:\/\/agora.xtec.cat\/escolapacocandel\/wp-content\/uploads\/usu332\/2024\/12\/WhatsApp-Image-2024-11-19-at-20.57.46-1-e1733261417679-1024x924.jpeg\" alt=\"\" width=\"458\" height=\"413\" srcset=\"https:\/\/agora.xtec.cat\/escolapacocandel\/wp-content\/uploads\/usu332\/2024\/12\/WhatsApp-Image-2024-11-19-at-20.57.46-1-e1733261417679-1024x924.jpeg 1024w, https:\/\/agora.xtec.cat\/escolapacocandel\/wp-content\/uploads\/usu332\/2024\/12\/WhatsApp-Image-2024-11-19-at-20.57.46-1-e1733261417679-300x271.jpeg 300w, https:\/\/agora.xtec.cat\/escolapacocandel\/wp-content\/uploads\/usu332\/2024\/12\/WhatsApp-Image-2024-11-19-at-20.57.46-1-e1733261417679-768x693.jpeg 768w, https:\/\/agora.xtec.cat\/escolapacocandel\/wp-content\/uploads\/usu332\/2024\/12\/WhatsApp-Image-2024-11-19-at-20.57.46-1-e1733261417679-1536x1385.jpeg 1536w, https:\/\/agora.xtec.cat\/escolapacocandel\/wp-content\/uploads\/usu332\/2024\/12\/WhatsApp-Image-2024-11-19-at-20.57.46-1-e1733261417679.jpeg 1703w\" sizes=\"auto, (max-width: 458px) 100vw, 458px\" \/><\/a><\/p>\n<p style=\"text-align: justify;\"><span style=\"font-weight: 400;\">Petits i grans gaudeixen de diverses estones de lectura al llarg de la setmana, ja sigui a l\u2019aula amb la seva mestra de refer\u00e8ncia, en les estones de pla lector amb les fam\u00edlies o amb les padrines i padrins de lectura; moments que generen complicitats aix\u00ed com experi\u00e8ncies liter\u00e0ries enriquidores descobrint nous personatges i les seves aventures, per\u00f2 sobretot descobrint els misteris amagats en els llibres.<\/span><\/p>\n<p style=\"text-align: justify;\"><span style=\"font-weight: 400;\">Unes lectures que els permeten entendre el m\u00f3n en qu\u00e8 viuen, desenvolupar la imaginaci\u00f3 i la creativitat, reflexionar i construir nous coneixements aix\u00ed com desenvolupar el pensament cr\u00edtic, tan necessari en la nostra societat actual.\u00a0<\/span><\/p>\n<p style=\"text-align: justify;\"><a href=\"https:\/\/agora.xtec.cat\/escolapacocandel\/wp-content\/uploads\/usu332\/2024\/12\/WhatsApp-Image-2024-11-28-at-14.47.26-e1733261471871.jpeg\"><img loading=\"lazy\" decoding=\"async\" class=\"wp-image-9592 alignleft\" src=\"https:\/\/agora.xtec.cat\/escolapacocandel\/wp-content\/uploads\/usu332\/2024\/12\/WhatsApp-Image-2024-11-28-at-14.47.26-e1733261471871-878x1024.jpeg\" alt=\"\" width=\"334\" height=\"390\" srcset=\"https:\/\/agora.xtec.cat\/escolapacocandel\/wp-content\/uploads\/usu332\/2024\/12\/WhatsApp-Image-2024-11-28-at-14.47.26-e1733261471871-878x1024.jpeg 878w, https:\/\/agora.xtec.cat\/escolapacocandel\/wp-content\/uploads\/usu332\/2024\/12\/WhatsApp-Image-2024-11-28-at-14.47.26-e1733261471871-257x300.jpeg 257w, https:\/\/agora.xtec.cat\/escolapacocandel\/wp-content\/uploads\/usu332\/2024\/12\/WhatsApp-Image-2024-11-28-at-14.47.26-e1733261471871-768x896.jpeg 768w, https:\/\/agora.xtec.cat\/escolapacocandel\/wp-content\/uploads\/usu332\/2024\/12\/WhatsApp-Image-2024-11-28-at-14.47.26-e1733261471871-1317x1536.jpeg 1317w, https:\/\/agora.xtec.cat\/escolapacocandel\/wp-content\/uploads\/usu332\/2024\/12\/WhatsApp-Image-2024-11-28-at-14.47.26-e1733261471871.jpeg 1536w\" sizes=\"auto, (max-width: 334px) 100vw, 334px\" \/><\/a><\/p>\n<p style=\"text-align: justify;\"><span style=\"font-weight: 400;\">Des de l\u2019escola, us volem encoratjar a buscar cada dia una estona per a compartir una lectura amb les vostres filles i fills, descobrint junts la m\u00e0gia de les hist\u00f2ries i cultivant l\u2019amor pels llibres\u00a0 perqu\u00e8 la lectura acompanyi els nostres infants en l\u2019incert per\u00f2 emocionant viatge per la vida.\u00a0<\/span><\/p>\n<p>&nbsp;<\/p>\n<p style=\"text-align: center;\"><span style=\"font-weight: 400;\">\u201c<\/span><i><span style=\"font-weight: 400;\">Els llibres s\u00f3n companys, mestres, mags i banquers dels tresors de la ment.<\/span><\/i><span style=\"font-weight: 400;\">\u201d <\/span><\/p>\n<p style=\"text-align: center;\"><span style=\"font-weight: 400;\">B\u00e0rbara Wertheim Tuckman.<\/span><\/p>\n<p style=\"text-align: center;\"><strong><a href=\"https:\/\/agora.xtec.cat\/escolapacocandel\/wp-content\/uploads\/usu332\/2024\/12\/RECOMANACIONS-LITERARIES-PACO-CANDEL-2024.pdf\">\u00a0 \u00a0 \u00a0 \u00a0 \u00a0 \u00a0 RECOMANACIONS LITER\u00c0RIES PACO CANDEL 2024<\/a><\/strong><\/p>\n<p>&nbsp;<\/p>\n","protected":false},"excerpt":{"rendered":"<p><a href=\"https:\/\/agora.xtec.cat\/escolapacocandel\/wp-content\/uploads\/usu332\/2024\/12\/d5a0d3ff-5e9d-47d7-a977-0782e3f398f3-e1733261353140.jpg\"><\/a><br \/>\nQui no ha sentit mai l&#8217;emoci\u00f3 de submergir-se en una bona hist\u00f2ria, d\u2019aquelles que t\u2019atrapen i et fa perdre la noci\u00f3 del temps?\u00a0<br \/>\nLa lectura ens obre la porta a mons infinits, despertant la imaginaci\u00f3 i la sorpresa de petits i grans. Per\u00f2 m\u00e9s enll\u00e0&hellip;  <a href=\"https:\/\/agora.xtec.cat\/escolapacocandel\/general\/la-magia-de-la-lectura\/\" title=\"Read La m\u00e0gia de la lectura\">Llegeix m\u00e9s\u00bb<\/a><\/p>\n","protected":false},"author":73,"featured_media":9592,"comment_status":"open","ping_status":"closed","sticky":false,"template":"","format":"standard","meta":{"_bbp_topic_count":0,"_bbp_reply_count":0,"_bbp_total_topic_count":0,"_bbp_total_reply_count":0,"_bbp_voice_count":0,"_bbp_anonymous_reply_count":0,"_bbp_topic_count_hidden":0,"_bbp_reply_count_hidden":0,"_bbp_forum_subforum_count":0,"footnotes":""},"categories":[182,183,196,128,1],"tags":[],"class_list":["post-9589","post","type-post","status-publish","format-standard","has-post-thumbnail","hentry","category-3-anys","category-4-anys","category-5-anys","category-comunitat-de-petits","category-general"],"post_mailing_queue_ids":[],"_links":{"self":[{"href":"https:\/\/agora.xtec.cat\/escolapacocandel\/wp-json\/wp\/v2\/posts\/9589","targetHints":{"allow":["GET"]}}],"collection":[{"href":"https:\/\/agora.xtec.cat\/escolapacocandel\/wp-json\/wp\/v2\/posts"}],"about":[{"href":"https:\/\/agora.xtec.cat\/escolapacocandel\/wp-json\/wp\/v2\/types\/post"}],"author":[{"embeddable":true,"href":"https:\/\/agora.xtec.cat\/escolapacocandel\/wp-json\/wp\/v2\/users\/73"}],"replies":[{"embeddable":true,"href":"https:\/\/agora.xtec.cat\/escolapacocandel\/wp-json\/wp\/v2\/comments?post=9589"}],"version-history":[{"count":3,"href":"https:\/\/agora.xtec.cat\/escolapacocandel\/wp-json\/wp\/v2\/posts\/9589\/revisions"}],"predecessor-version":[{"id":9596,"href":"https:\/\/agora.xtec.cat\/escolapacocandel\/wp-json\/wp\/v2\/posts\/9589\/revisions\/9596"}],"wp:featuredmedia":[{"embeddable":true,"href":"https:\/\/agora.xtec.cat\/escolapacocandel\/wp-json\/wp\/v2\/media\/9592"}],"wp:attachment":[{"href":"https:\/\/agora.xtec.cat\/escolapacocandel\/wp-json\/wp\/v2\/media?parent=9589"}],"wp:term":[{"taxonomy":"category","embeddable":true,"href":"https:\/\/agora.xtec.cat\/escolapacocandel\/wp-json\/wp\/v2\/categories?post=9589"},{"taxonomy":"post_tag","embeddable":true,"href":"https:\/\/agora.xtec.cat\/escolapacocandel\/wp-json\/wp\/v2\/tags?post=9589"}],"curies":[{"name":"wp","href":"https:\/\/api.w.org\/{rel}","templated":true}]}}