{"id":9578,"date":"2024-12-03T12:47:38","date_gmt":"2024-12-03T11:47:38","guid":{"rendered":"https:\/\/agora.xtec.cat\/escolapacocandel\/?p=9578"},"modified":"2024-12-03T12:47:38","modified_gmt":"2024-12-03T11:47:38","slug":"espectacle-de-dansa-i4-eter","status":"publish","type":"post","link":"https:\/\/agora.xtec.cat\/escolapacocandel\/general\/espectacle-de-dansa-i4-eter\/","title":{"rendered":"Espectacle de dansa I4: \u00c8ter"},"content":{"rendered":"<p><a href=\"https:\/\/agora.xtec.cat\/escolapacocandel\/wp-content\/uploads\/usu332\/2024\/12\/IMG_4111-scaled-e1733217506995.jpg\"><img loading=\"lazy\" decoding=\"async\" class=\"alignnone size-large wp-image-9579\" src=\"https:\/\/agora.xtec.cat\/escolapacocandel\/wp-content\/uploads\/usu332\/2024\/12\/IMG_4111-scaled-e1733217506995-1024x791.jpg\" alt=\"\" width=\"1024\" height=\"791\" srcset=\"https:\/\/agora.xtec.cat\/escolapacocandel\/wp-content\/uploads\/usu332\/2024\/12\/IMG_4111-scaled-e1733217506995-1024x791.jpg 1024w, https:\/\/agora.xtec.cat\/escolapacocandel\/wp-content\/uploads\/usu332\/2024\/12\/IMG_4111-scaled-e1733217506995-300x232.jpg 300w, https:\/\/agora.xtec.cat\/escolapacocandel\/wp-content\/uploads\/usu332\/2024\/12\/IMG_4111-scaled-e1733217506995-768x594.jpg 768w, https:\/\/agora.xtec.cat\/escolapacocandel\/wp-content\/uploads\/usu332\/2024\/12\/IMG_4111-scaled-e1733217506995-1536x1187.jpg 1536w, https:\/\/agora.xtec.cat\/escolapacocandel\/wp-content\/uploads\/usu332\/2024\/12\/IMG_4111-scaled-e1733217506995.jpg 1920w\" sizes=\"auto, (max-width: 1024px) 100vw, 1024px\" \/><\/a><\/p>\n<p><span style=\"font-weight: 400;\">El passat dimecres, els infants d\u2019I4 van anar al teatre SAT (Sant Andreu Teatre) a veure l\u2019estrena de la Cia. Silver Drops : \u00c8ter. Els infants es van endinsar en el m\u00f3n dels somnis a trav\u00e9s del llenguatge de la dansa. <\/span><span style=\"font-weight: 400;\">L\u2019aire \u00e9s el protagonista d\u2019aquest espectacle visual i l\u2019element amb el qual juguen els ballarins i ballarines, tant en l&#8217;\u00e0mbit literal com simb\u00f2lic, l\u2019element que els portar\u00e0 a paisatges i llocs inesperats.\u00a0<\/span><\/p>\n<p><b><i>\u201cUn espectacle creat a partir de l&#8217;aire com a element de la natura, fet de sensacions i emocions, teixit amb delicadesa, amor i comprom\u00eds amb el petit gran p\u00fablic.\u201d<\/i><\/b><\/p>\n<p><span style=\"font-weight: 400;\">Despr\u00e9s van anar a passar el dia a l\u2019aire lliure gaudint el bon temps al parc de La Pegaso. <\/span><span style=\"font-weight: 400;\">Un parc amb un espai ben distribu\u00eft en petites zones l\u00fadiques on els <\/span><span style=\"font-weight: 400;\">nens<\/span><span style=\"font-weight: 400;\"> i nenes van poder gaudir de diversos jocs, des de tobogans i tirolines fins a un petit llac amb ponts i miradors <\/span><span style=\"font-weight: 400;\">per<\/span><span style=\"font-weight: 400;\"> gaudir de la natura.<\/span><\/p>\n<blockquote class=\"wp-embedded-content\" data-secret=\"C6UQO5HAsg\"><p><a href=\"https:\/\/agora.xtec.cat\/escolapacocandel\/fotos-privat\/espectacle-de-dansa-i4-eter-fotos\/\">Espectacle de dansa I4: \u00c8ter (FOTOS)<\/a><\/p><\/blockquote>\n<p><iframe loading=\"lazy\" class=\"wp-embedded-content\" sandbox=\"allow-scripts\" security=\"restricted\" style=\"position: absolute; clip: rect(1px, 1px, 1px, 1px);\" title=\"&#8220;Espectacle de dansa I4: \u00c8ter (FOTOS)&#8221; &#8212; Escola Paco Candel\" src=\"https:\/\/agora.xtec.cat\/escolapacocandel\/fotos-privat\/espectacle-de-dansa-i4-eter-fotos\/embed\/#?secret=Mpby0kfL1P#?secret=C6UQO5HAsg\" data-secret=\"C6UQO5HAsg\" width=\"500\" height=\"282\" frameborder=\"0\" marginwidth=\"0\" marginheight=\"0\" scrolling=\"no\"><\/iframe><\/p>\n","protected":false},"excerpt":{"rendered":"<p><a href=\"https:\/\/agora.xtec.cat\/escolapacocandel\/wp-content\/uploads\/usu332\/2024\/12\/IMG_4111-scaled-e1733217506995.jpg\"><\/a><br \/>\nEl passat dimecres, els infants d\u2019I4 van anar al teatre SAT (Sant Andreu Teatre) a veure l\u2019estrena de la Cia. Silver Drops : \u00c8ter. Els infants es van endinsar en el m\u00f3n dels somnis a trav\u00e9s del llenguatge de la dansa. L\u2019aire \u00e9s el&hellip;  <a href=\"https:\/\/agora.xtec.cat\/escolapacocandel\/general\/espectacle-de-dansa-i4-eter\/\" title=\"Read Espectacle de dansa I4: \u00c8ter\">Llegeix m\u00e9s\u00bb<\/a><\/p>\n","protected":false},"author":73,"featured_media":9579,"comment_status":"open","ping_status":"closed","sticky":false,"template":"","format":"standard","meta":{"_bbp_topic_count":0,"_bbp_reply_count":0,"_bbp_total_topic_count":0,"_bbp_total_reply_count":0,"_bbp_voice_count":0,"_bbp_anonymous_reply_count":0,"_bbp_topic_count_hidden":0,"_bbp_reply_count_hidden":0,"_bbp_forum_subforum_count":0,"footnotes":""},"categories":[183,128,1],"tags":[],"class_list":["post-9578","post","type-post","status-publish","format-standard","has-post-thumbnail","hentry","category-4-anys","category-comunitat-de-petits","category-general"],"post_mailing_queue_ids":[],"_links":{"self":[{"href":"https:\/\/agora.xtec.cat\/escolapacocandel\/wp-json\/wp\/v2\/posts\/9578","targetHints":{"allow":["GET"]}}],"collection":[{"href":"https:\/\/agora.xtec.cat\/escolapacocandel\/wp-json\/wp\/v2\/posts"}],"about":[{"href":"https:\/\/agora.xtec.cat\/escolapacocandel\/wp-json\/wp\/v2\/types\/post"}],"author":[{"embeddable":true,"href":"https:\/\/agora.xtec.cat\/escolapacocandel\/wp-json\/wp\/v2\/users\/73"}],"replies":[{"embeddable":true,"href":"https:\/\/agora.xtec.cat\/escolapacocandel\/wp-json\/wp\/v2\/comments?post=9578"}],"version-history":[{"count":3,"href":"https:\/\/agora.xtec.cat\/escolapacocandel\/wp-json\/wp\/v2\/posts\/9578\/revisions"}],"predecessor-version":[{"id":9588,"href":"https:\/\/agora.xtec.cat\/escolapacocandel\/wp-json\/wp\/v2\/posts\/9578\/revisions\/9588"}],"wp:featuredmedia":[{"embeddable":true,"href":"https:\/\/agora.xtec.cat\/escolapacocandel\/wp-json\/wp\/v2\/media\/9579"}],"wp:attachment":[{"href":"https:\/\/agora.xtec.cat\/escolapacocandel\/wp-json\/wp\/v2\/media?parent=9578"}],"wp:term":[{"taxonomy":"category","embeddable":true,"href":"https:\/\/agora.xtec.cat\/escolapacocandel\/wp-json\/wp\/v2\/categories?post=9578"},{"taxonomy":"post_tag","embeddable":true,"href":"https:\/\/agora.xtec.cat\/escolapacocandel\/wp-json\/wp\/v2\/tags?post=9578"}],"curies":[{"name":"wp","href":"https:\/\/api.w.org\/{rel}","templated":true}]}}