{"id":9568,"date":"2024-12-04T12:00:31","date_gmt":"2024-12-04T11:00:31","guid":{"rendered":"https:\/\/agora.xtec.cat\/escolapacocandel\/?p=9568"},"modified":"2024-12-04T12:06:23","modified_gmt":"2024-12-04T11:06:23","slug":"sortidaprojecte2nb","status":"publish","type":"post","link":"https:\/\/agora.xtec.cat\/escolapacocandel\/comunitat-de-mitjans\/sortidaprojecte2nb\/","title":{"rendered":"Sortida projecte 2nB"},"content":{"rendered":"<p>&nbsp;<\/p>\n<p><span style=\"font-weight: 400;\">El passat divendres 29 de novembre, els infants de la classe dels cient\u00edfics i cient\u00edfiques van gaudir d\u2019un dia molt emocionant a \u201cEl Xaragall\u201d, situat a Llinars del Vall\u00e8s.<\/span><\/p>\n<p><span style=\"font-weight: 400;\">En arribar, el primer que van fer va ser esmorzar i, tot seguit, van gaudir d\u2019una estona de joc lliure. Els nens i nenes van explorar els voltants, recollint aglans, agafant pals, jugant a pilota i posant a prova les seves habilitats f\u00edsiques. I per sorpresa de tots, fins i tot van trobar un ti\u00f3 gegant!<\/span><\/p>\n<p><span style=\"font-weight: 400;\">Despr\u00e9s va arribar el moment d\u2019aprendre amb el Roger, el monitor que els acompanyaria durant l\u2019estada. Amb ell, els infants van poder fer diversos experiments, convertint-se en cient\u00edfics i cient\u00edfiques per un dia. Van aprendre sobre el m\u00e8tode cient\u00edfic, elaborant hip\u00f2tesis i posant-les a prova en experiments pr\u00e0ctics. Entre els experiments realitzats, van crear energia est\u00e0tica, van construir una petita depuradora, van experimentar amb aigua, magnetisme, colors i tamb\u00e9 van investigar els fen\u00f2mens d&#8217;acci\u00f3\/reacci\u00f3.<\/span><\/p>\n<p><span style=\"font-weight: 400;\">Despr\u00e9s de dinar, els nens i nenes van poder visitar la granja i donar menjar als animals amb els aglans que havien recollit durant les estones lliures. Va ser un dia ple de descobriments, emoci\u00f3 i diversi\u00f3!<\/span><\/p>\n<p><span style=\"font-weight: 400;\">Aqu\u00ed us deixem algunes fotografies d\u2019aquest dia tan especial.<\/span><\/p>\n<blockquote class=\"wp-embedded-content\" data-secret=\"JvrWtWKnpd\"><p><a href=\"https:\/\/agora.xtec.cat\/escolapacocandel\/general\/fotos-sortida-a-el-xaragall-2nb\/\">Fotos sortida a &#8220;El Xaragall&#8221; 2nB<\/a><\/p><\/blockquote>\n<p><iframe loading=\"lazy\" class=\"wp-embedded-content\" sandbox=\"allow-scripts\" security=\"restricted\" style=\"position: absolute; clip: rect(1px, 1px, 1px, 1px);\" title=\"&#8220;Fotos sortida a &#8220;El Xaragall&#8221; 2nB&#8221; &#8212; Escola Paco Candel\" src=\"https:\/\/agora.xtec.cat\/escolapacocandel\/general\/fotos-sortida-a-el-xaragall-2nb\/embed\/#?secret=Djsy9aRz0E#?secret=JvrWtWKnpd\" data-secret=\"JvrWtWKnpd\" width=\"500\" height=\"282\" frameborder=\"0\" marginwidth=\"0\" marginheight=\"0\" scrolling=\"no\"><\/iframe><\/p>\n","protected":false},"excerpt":{"rendered":"<p>&nbsp;<br \/>\nEl passat divendres 29 de novembre, els infants de la classe dels cient\u00edfics i cient\u00edfiques van gaudir d\u2019un dia molt emocionant a \u201cEl Xaragall\u201d, situat a Llinars del Vall\u00e8s.<br \/>\nEn arribar, el primer que van fer va ser esmorzar i, tot seguit, van gaudir d\u2019una estona&hellip;  <a href=\"https:\/\/agora.xtec.cat\/escolapacocandel\/comunitat-de-mitjans\/sortidaprojecte2nb\/\" title=\"Read Sortida projecte 2nB\">Llegeix m\u00e9s\u00bb<\/a><\/p>\n","protected":false},"author":58,"featured_media":9572,"comment_status":"open","ping_status":"closed","sticky":false,"template":"","format":"standard","meta":{"_bbp_topic_count":0,"_bbp_reply_count":0,"_bbp_total_topic_count":0,"_bbp_total_reply_count":0,"_bbp_voice_count":0,"_bbp_anonymous_reply_count":0,"_bbp_topic_count_hidden":0,"_bbp_reply_count_hidden":0,"_bbp_forum_subforum_count":0,"footnotes":""},"categories":[127,137],"tags":[],"class_list":["post-9568","post","type-post","status-publish","format-standard","has-post-thumbnail","hentry","category-comunitat-de-mitjans","category-2n"],"post_mailing_queue_ids":[],"_links":{"self":[{"href":"https:\/\/agora.xtec.cat\/escolapacocandel\/wp-json\/wp\/v2\/posts\/9568","targetHints":{"allow":["GET"]}}],"collection":[{"href":"https:\/\/agora.xtec.cat\/escolapacocandel\/wp-json\/wp\/v2\/posts"}],"about":[{"href":"https:\/\/agora.xtec.cat\/escolapacocandel\/wp-json\/wp\/v2\/types\/post"}],"author":[{"embeddable":true,"href":"https:\/\/agora.xtec.cat\/escolapacocandel\/wp-json\/wp\/v2\/users\/58"}],"replies":[{"embeddable":true,"href":"https:\/\/agora.xtec.cat\/escolapacocandel\/wp-json\/wp\/v2\/comments?post=9568"}],"version-history":[{"count":2,"href":"https:\/\/agora.xtec.cat\/escolapacocandel\/wp-json\/wp\/v2\/posts\/9568\/revisions"}],"predecessor-version":[{"id":9597,"href":"https:\/\/agora.xtec.cat\/escolapacocandel\/wp-json\/wp\/v2\/posts\/9568\/revisions\/9597"}],"wp:featuredmedia":[{"embeddable":true,"href":"https:\/\/agora.xtec.cat\/escolapacocandel\/wp-json\/wp\/v2\/media\/9572"}],"wp:attachment":[{"href":"https:\/\/agora.xtec.cat\/escolapacocandel\/wp-json\/wp\/v2\/media?parent=9568"}],"wp:term":[{"taxonomy":"category","embeddable":true,"href":"https:\/\/agora.xtec.cat\/escolapacocandel\/wp-json\/wp\/v2\/categories?post=9568"},{"taxonomy":"post_tag","embeddable":true,"href":"https:\/\/agora.xtec.cat\/escolapacocandel\/wp-json\/wp\/v2\/tags?post=9568"}],"curies":[{"name":"wp","href":"https:\/\/api.w.org\/{rel}","templated":true}]}}