{"id":9565,"date":"2024-12-02T13:59:25","date_gmt":"2024-12-02T12:59:25","guid":{"rendered":"https:\/\/agora.xtec.cat\/escolapacocandel\/?p=9565"},"modified":"2024-12-02T14:02:56","modified_gmt":"2024-12-02T13:02:56","slug":"sortida-de-la-classe-del-clima-al-parc-dels-gallecs","status":"publish","type":"post","link":"https:\/\/agora.xtec.cat\/escolapacocandel\/comunitat-de-mitjans\/sortida-de-la-classe-del-clima-al-parc-dels-gallecs\/","title":{"rendered":"Sortida de la classe del Clima al Parc dels Gallecs"},"content":{"rendered":"<p>El passat dimecres 20 de novembre la classe del Clima vam anar de sortida al Parc dels Gallecs.<\/p>\n<p>En arribar vam esmorzar i vam comen\u00e7ar l&#8217;excursi\u00f3 pel Parc, acompanyats del Jordi. Durant aquesta passejada vam gaudir de l&#8217;entorn i vam aprendre moltes coses sobre els arbres i els \u00e9ssers vius que habiten aquell espai. A m\u00e9s, al final de l&#8217;excursi\u00f3 el guia ens va explicar algunes coses sobre com es formen els tornados, els huracans i qu\u00e8 s\u00f3n les estacions meteorol\u00f2giques aix\u00ed com els instruments de mesura que utilitzen.<\/p>\n<p>Despr\u00e9s vam dinar i vam jugar una estona plegats.<\/p>\n<p>Us deixem un recull de fotografies d&#8217;aquesta jornada tan agradable.<\/p>\n<p>&nbsp;<\/p>\n<blockquote class=\"wp-embedded-content\" data-secret=\"4PCc6uKhWD\"><p><a href=\"https:\/\/agora.xtec.cat\/escolapacocandel\/general\/fotos-sortida-parc-dels-gallecs-2na\/\">Fotos sortida Parc dels Gallecs 2nA<\/a><\/p><\/blockquote>\n<p><iframe loading=\"lazy\" class=\"wp-embedded-content\" sandbox=\"allow-scripts\" security=\"restricted\" style=\"position: absolute; clip: rect(1px, 1px, 1px, 1px);\" title=\"&#8220;Fotos sortida Parc dels Gallecs 2nA&#8221; &#8212; Escola Paco Candel\" src=\"https:\/\/agora.xtec.cat\/escolapacocandel\/general\/fotos-sortida-parc-dels-gallecs-2na\/embed\/#?secret=OrEJBckGg0#?secret=4PCc6uKhWD\" data-secret=\"4PCc6uKhWD\" width=\"500\" height=\"282\" frameborder=\"0\" marginwidth=\"0\" marginheight=\"0\" scrolling=\"no\"><\/iframe><\/p>\n<p>&nbsp;<\/p>\n<p>&nbsp;<\/p>\n","protected":false},"excerpt":{"rendered":"<p>El passat dimecres 20 de novembre la classe del Clima vam anar de sortida al Parc dels Gallecs.<br \/>\nEn arribar vam esmorzar i vam comen\u00e7ar l&#8217;excursi\u00f3 pel Parc, acompanyats del Jordi. Durant aquesta passejada vam gaudir de l&#8217;entorn i vam aprendre moltes coses sobre els arbres&hellip;  <a href=\"https:\/\/agora.xtec.cat\/escolapacocandel\/comunitat-de-mitjans\/sortida-de-la-classe-del-clima-al-parc-dels-gallecs\/\" title=\"Read Sortida de la classe del Clima al Parc dels Gallecs\">Llegeix m\u00e9s\u00bb<\/a><\/p>\n","protected":false},"author":14,"featured_media":9570,"comment_status":"open","ping_status":"closed","sticky":false,"template":"","format":"standard","meta":{"_bbp_topic_count":0,"_bbp_reply_count":0,"_bbp_total_topic_count":0,"_bbp_total_reply_count":0,"_bbp_voice_count":0,"_bbp_anonymous_reply_count":0,"_bbp_topic_count_hidden":0,"_bbp_reply_count_hidden":0,"_bbp_forum_subforum_count":0,"footnotes":""},"categories":[127,137],"tags":[],"class_list":["post-9565","post","type-post","status-publish","format-standard","has-post-thumbnail","hentry","category-comunitat-de-mitjans","category-2n"],"post_mailing_queue_ids":[],"_links":{"self":[{"href":"https:\/\/agora.xtec.cat\/escolapacocandel\/wp-json\/wp\/v2\/posts\/9565","targetHints":{"allow":["GET"]}}],"collection":[{"href":"https:\/\/agora.xtec.cat\/escolapacocandel\/wp-json\/wp\/v2\/posts"}],"about":[{"href":"https:\/\/agora.xtec.cat\/escolapacocandel\/wp-json\/wp\/v2\/types\/post"}],"author":[{"embeddable":true,"href":"https:\/\/agora.xtec.cat\/escolapacocandel\/wp-json\/wp\/v2\/users\/14"}],"replies":[{"embeddable":true,"href":"https:\/\/agora.xtec.cat\/escolapacocandel\/wp-json\/wp\/v2\/comments?post=9565"}],"version-history":[{"count":2,"href":"https:\/\/agora.xtec.cat\/escolapacocandel\/wp-json\/wp\/v2\/posts\/9565\/revisions"}],"predecessor-version":[{"id":9571,"href":"https:\/\/agora.xtec.cat\/escolapacocandel\/wp-json\/wp\/v2\/posts\/9565\/revisions\/9571"}],"wp:featuredmedia":[{"embeddable":true,"href":"https:\/\/agora.xtec.cat\/escolapacocandel\/wp-json\/wp\/v2\/media\/9570"}],"wp:attachment":[{"href":"https:\/\/agora.xtec.cat\/escolapacocandel\/wp-json\/wp\/v2\/media?parent=9565"}],"wp:term":[{"taxonomy":"category","embeddable":true,"href":"https:\/\/agora.xtec.cat\/escolapacocandel\/wp-json\/wp\/v2\/categories?post=9565"},{"taxonomy":"post_tag","embeddable":true,"href":"https:\/\/agora.xtec.cat\/escolapacocandel\/wp-json\/wp\/v2\/tags?post=9565"}],"curies":[{"name":"wp","href":"https:\/\/api.w.org\/{rel}","templated":true}]}}