{"id":9551,"date":"2024-11-29T10:13:45","date_gmt":"2024-11-29T09:13:45","guid":{"rendered":"https:\/\/agora.xtec.cat\/escolapacocandel\/?p=9551"},"modified":"2024-11-29T10:29:28","modified_gmt":"2024-11-29T09:29:28","slug":"sortida-projecte-1r-a","status":"publish","type":"post","link":"https:\/\/agora.xtec.cat\/escolapacocandel\/comunitat-de-mitjans\/1r\/sortida-projecte-1r-a\/","title":{"rendered":"Sortida al taller mec\u00e0nic. Projecte 1r A"},"content":{"rendered":"<p>El dimarts 26 de novembre, els infants de 1r A van realitzar una emocionant sortida al taller mec\u00e0nic del barri. Aquesta experi\u00e8ncia va ser una excel\u00b7lent oportunitat perqu\u00e8 els infants poguessin con\u00e8ixer de prop com funciona un taller mec\u00e0nic i quins professionals treballen all\u00ed.<\/p>\n<p>Durant la visita, els infants van poder observar diferents eines i equips que s&#8217;utilitzen per a reparar cotxes. Un mec\u00e0nic especialitzat els va explicar de manera senzilla totes les parts dels cotxes i com es realitzen els arranjaments m\u00e9s comuns, com canviar una roda o revisar el motor. A m\u00e9s, els infants van tenir l&#8217;oportunitat de fer preguntes i veure de primera m\u00e0 el treball que fan els mec\u00e0nics en el seu dia a dia.<\/p>\n<p>Despr\u00e9s acomplirem una activitat de buscar senyals de tr\u00e0nsit i relacionar-les amb el seu significat. I finalment, per grups f\u00e9rem un circuit de seguretat vi\u00e0ria on els infants eren els senyals.<\/p>\n<p>Van estar molt entusiasmats i van demostrar molt d&#8217;inter\u00e8s en tot el que van veure i van aprendre. Aqu\u00ed us deixem unes quantes fotografies d\u2019aquell dia.<\/p>\n<p><a href=\"https:\/\/agora.xtec.cat\/escolapacocandel\/wp-content\/uploads\/usu332\/2024\/11\/IMG_9724.heic\"><img decoding=\"async\" class=\"alignnone size-full wp-image-9552\" src=\"https:\/\/agora.xtec.cat\/escolapacocandel\/wp-content\/uploads\/usu332\/2024\/11\/IMG_9724.heic\" alt=\"\" \/><\/a> <a href=\"https:\/\/agora.xtec.cat\/escolapacocandel\/wp-content\/uploads\/usu332\/2024\/11\/IMG_9724-1.heic\"><img decoding=\"async\" class=\"alignnone size-full wp-image-9553\" src=\"https:\/\/agora.xtec.cat\/escolapacocandel\/wp-content\/uploads\/usu332\/2024\/11\/IMG_9724-1.heic\" alt=\"\" \/><\/a><\/p>\n<p><a href=\"https:\/\/agora.xtec.cat\/escolapacocandel\/general\/fotos-sortida-2\/\">FOTOS<\/a><\/p>\n","protected":false},"excerpt":{"rendered":"<p>El dimarts 26 de novembre, els infants de 1r A van realitzar una emocionant sortida al taller mec\u00e0nic del barri. Aquesta experi\u00e8ncia va ser una excel\u00b7lent oportunitat perqu\u00e8 els infants poguessin con\u00e8ixer de prop com funciona un taller mec\u00e0nic i quins professionals treballen all\u00ed.<br \/>\nDurant la&hellip;  <a href=\"https:\/\/agora.xtec.cat\/escolapacocandel\/comunitat-de-mitjans\/1r\/sortida-projecte-1r-a\/\" title=\"Read Sortida al taller mec\u00e0nic. Projecte 1r A\">Llegeix m\u00e9s\u00bb<\/a><\/p>\n","protected":false},"author":1,"featured_media":9557,"comment_status":"open","ping_status":"closed","sticky":false,"template":"","format":"standard","meta":{"_bbp_topic_count":0,"_bbp_reply_count":0,"_bbp_total_topic_count":0,"_bbp_total_reply_count":0,"_bbp_voice_count":0,"_bbp_anonymous_reply_count":0,"_bbp_topic_count_hidden":0,"_bbp_reply_count_hidden":0,"_bbp_forum_subforum_count":0,"footnotes":""},"categories":[140],"tags":[],"class_list":["post-9551","post","type-post","status-publish","format-standard","has-post-thumbnail","hentry","category-1r"],"post_mailing_queue_ids":[],"_links":{"self":[{"href":"https:\/\/agora.xtec.cat\/escolapacocandel\/wp-json\/wp\/v2\/posts\/9551","targetHints":{"allow":["GET"]}}],"collection":[{"href":"https:\/\/agora.xtec.cat\/escolapacocandel\/wp-json\/wp\/v2\/posts"}],"about":[{"href":"https:\/\/agora.xtec.cat\/escolapacocandel\/wp-json\/wp\/v2\/types\/post"}],"author":[{"embeddable":true,"href":"https:\/\/agora.xtec.cat\/escolapacocandel\/wp-json\/wp\/v2\/users\/1"}],"replies":[{"embeddable":true,"href":"https:\/\/agora.xtec.cat\/escolapacocandel\/wp-json\/wp\/v2\/comments?post=9551"}],"version-history":[{"count":6,"href":"https:\/\/agora.xtec.cat\/escolapacocandel\/wp-json\/wp\/v2\/posts\/9551\/revisions"}],"predecessor-version":[{"id":9562,"href":"https:\/\/agora.xtec.cat\/escolapacocandel\/wp-json\/wp\/v2\/posts\/9551\/revisions\/9562"}],"wp:featuredmedia":[{"embeddable":true,"href":"https:\/\/agora.xtec.cat\/escolapacocandel\/wp-json\/wp\/v2\/media\/9557"}],"wp:attachment":[{"href":"https:\/\/agora.xtec.cat\/escolapacocandel\/wp-json\/wp\/v2\/media?parent=9551"}],"wp:term":[{"taxonomy":"category","embeddable":true,"href":"https:\/\/agora.xtec.cat\/escolapacocandel\/wp-json\/wp\/v2\/categories?post=9551"},{"taxonomy":"post_tag","embeddable":true,"href":"https:\/\/agora.xtec.cat\/escolapacocandel\/wp-json\/wp\/v2\/tags?post=9551"}],"curies":[{"name":"wp","href":"https:\/\/api.w.org\/{rel}","templated":true}]}}