{"id":9533,"date":"2024-11-14T17:38:00","date_gmt":"2024-11-14T16:38:00","guid":{"rendered":"https:\/\/agora.xtec.cat\/escolapacocandel\/?p=9533"},"modified":"2024-11-14T17:38:00","modified_gmt":"2024-11-14T16:38:00","slug":"sortida-a-theplaycook-un-dia-de-cuina-i-diversio","status":"publish","type":"post","link":"https:\/\/agora.xtec.cat\/escolapacocandel\/comunitat-de-mitjans\/1r\/sortida-a-theplaycook-un-dia-de-cuina-i-diversio\/","title":{"rendered":"Sortida a Theplaycook: Un dia de cuina i diversi\u00f3!"},"content":{"rendered":"<p>El dilluns 11 de novembre, els infants de primer de prim\u00e0ria de la classe dels cuiners i les cuineres van gaudir d&#8217;una sortida molt especial. Van visitar <em>Theplaycook<\/em>, un espai on van poder posar en pr\u00e0ctica els seus coneixements de cuina i passar-ho d&#8217;all\u00f2 m\u00e9s b\u00e9!<\/p>\n<p>Dividits en grups de tres, els nens i nenes es van convertir en <strong>petits i petites xefs<\/strong> per un dia i van aprendre a cuinar &#8220;burritos mexicans&#8221; de veritat! Amb l&#8217;ajuda de monitors i utilitzant tot el vocabulari dels estris de cuina, van preparar els ingredients, van embolicar els &#8220;burritos&#8221; i, fins i tot, van poder tastar el seu delici\u00f3s resultat.<\/p>\n<p>Despr\u00e9s de l&#8217;activitat culin\u00e0ria, els nens i nenes van anar a un gran parc amb molts tobogans i espais per jugar. All\u00e0, van tenir l&#8217;oportunitat de fer una mica d&#8217;esport, saltar i c\u00f3rrer, gaudint d&#8217;un temps d&#8217;oci ben merescut despr\u00e9s de la feina feta a la cuina.<\/p>\n<p>Va ser un dia fant\u00e0stic, aqu\u00ed us deixem unes quantes fotografies d&#8217;aquell dia.<\/p>\n<p><a href=\"https:\/\/agora.xtec.cat\/escolapacocandel\/general\/fotos-playcook\">CLIQUEU PER VEURE LES FOTOS<\/a><\/p>\n","protected":false},"excerpt":{"rendered":"<p>El dilluns 11 de novembre, els infants de primer de prim\u00e0ria de la classe dels cuiners i les cuineres van gaudir d&#8217;una sortida molt especial. Van visitar Theplaycook, un espai on van poder posar en pr\u00e0ctica els seus coneixements de cuina i passar-ho d&#8217;all\u00f2 m\u00e9s&hellip;  <a href=\"https:\/\/agora.xtec.cat\/escolapacocandel\/comunitat-de-mitjans\/1r\/sortida-a-theplaycook-un-dia-de-cuina-i-diversio\/\" title=\"Read Sortida a Theplaycook: Un dia de cuina i diversi\u00f3!\">Llegeix m\u00e9s\u00bb<\/a><\/p>\n","protected":false},"author":1,"featured_media":9534,"comment_status":"open","ping_status":"closed","sticky":false,"template":"","format":"standard","meta":{"_bbp_topic_count":0,"_bbp_reply_count":0,"_bbp_total_topic_count":0,"_bbp_total_reply_count":0,"_bbp_voice_count":0,"_bbp_anonymous_reply_count":0,"_bbp_topic_count_hidden":0,"_bbp_reply_count_hidden":0,"_bbp_forum_subforum_count":0,"footnotes":""},"categories":[140],"tags":[],"class_list":["post-9533","post","type-post","status-publish","format-standard","has-post-thumbnail","hentry","category-1r"],"post_mailing_queue_ids":[],"_links":{"self":[{"href":"https:\/\/agora.xtec.cat\/escolapacocandel\/wp-json\/wp\/v2\/posts\/9533","targetHints":{"allow":["GET"]}}],"collection":[{"href":"https:\/\/agora.xtec.cat\/escolapacocandel\/wp-json\/wp\/v2\/posts"}],"about":[{"href":"https:\/\/agora.xtec.cat\/escolapacocandel\/wp-json\/wp\/v2\/types\/post"}],"author":[{"embeddable":true,"href":"https:\/\/agora.xtec.cat\/escolapacocandel\/wp-json\/wp\/v2\/users\/1"}],"replies":[{"embeddable":true,"href":"https:\/\/agora.xtec.cat\/escolapacocandel\/wp-json\/wp\/v2\/comments?post=9533"}],"version-history":[{"count":1,"href":"https:\/\/agora.xtec.cat\/escolapacocandel\/wp-json\/wp\/v2\/posts\/9533\/revisions"}],"predecessor-version":[{"id":9535,"href":"https:\/\/agora.xtec.cat\/escolapacocandel\/wp-json\/wp\/v2\/posts\/9533\/revisions\/9535"}],"wp:featuredmedia":[{"embeddable":true,"href":"https:\/\/agora.xtec.cat\/escolapacocandel\/wp-json\/wp\/v2\/media\/9534"}],"wp:attachment":[{"href":"https:\/\/agora.xtec.cat\/escolapacocandel\/wp-json\/wp\/v2\/media?parent=9533"}],"wp:term":[{"taxonomy":"category","embeddable":true,"href":"https:\/\/agora.xtec.cat\/escolapacocandel\/wp-json\/wp\/v2\/categories?post=9533"},{"taxonomy":"post_tag","embeddable":true,"href":"https:\/\/agora.xtec.cat\/escolapacocandel\/wp-json\/wp\/v2\/tags?post=9533"}],"curies":[{"name":"wp","href":"https:\/\/api.w.org\/{rel}","templated":true}]}}