{"id":9487,"date":"2024-10-17T13:29:18","date_gmt":"2024-10-17T11:29:18","guid":{"rendered":"https:\/\/agora.xtec.cat\/escolapacocandel\/?p=9487"},"modified":"2024-10-17T13:29:18","modified_gmt":"2024-10-17T11:29:18","slug":"proces-de-familiaritzacio-i3-curs-2024-25","status":"publish","type":"post","link":"https:\/\/agora.xtec.cat\/escolapacocandel\/comunitat-de-petits\/3-anys\/proces-de-familiaritzacio-i3-curs-2024-25\/","title":{"rendered":"Proc\u00e9s de familiaritzaci\u00f3 I3 (Curs 2024-25)"},"content":{"rendered":"<p>Bon dia, fam\u00edlies!<\/p>\n<p>Despr\u00e9s de les primeres setmanes dels vostres fills i filles al Paco Candel, volem compartir amb vosaltres un tastet de fotografies dels seus primers moments a l&#8217;escola.<\/p>\n<p>Podreu veure les seves primeres experi\u00e8ncies dins l&#8217;estan\u00e7a en la vostra companyia, viv\u00e8ncies amb els companys i companyes, els primers jocs a l&#8217;exterior, moments amb les especialistes de m\u00fasica i angl\u00e8s, estones de psicomotricitat&#8230; I tamb\u00e9 la vostra participaci\u00f3 engalanant les portes de les aules!<\/p>\n<p>Pot ser bonic mirar les imatges amb els vostres fills i filles i poder establir una conversa sobre les vostres emocions durant aquestes setmanes, all\u00f2 que m\u00e9s els agrada de l&#8217;escola, con\u00e8ixer les seves amistats&#8230; Que les gaudiu!<\/p>\n<blockquote class=\"wp-embedded-content\" data-secret=\"8T5gTOPkYY\"><p><a href=\"https:\/\/agora.xtec.cat\/escolapacocandel\/fotos-privat\/fotos-familiaritzacio-i3-2024-25\/\">Fotos Familiaritzaci\u00f3 I3 2024-25<\/a><\/p><\/blockquote>\n<p><iframe loading=\"lazy\" class=\"wp-embedded-content\" sandbox=\"allow-scripts\" security=\"restricted\" style=\"position: absolute; clip: rect(1px, 1px, 1px, 1px);\" title=\"&#8220;Fotos Familiaritzaci\u00f3 I3 2024-25&#8221; &#8212; Escola Paco Candel\" src=\"https:\/\/agora.xtec.cat\/escolapacocandel\/fotos-privat\/fotos-familiaritzacio-i3-2024-25\/embed\/#?secret=wjd93oblZ9#?secret=8T5gTOPkYY\" data-secret=\"8T5gTOPkYY\" width=\"500\" height=\"282\" frameborder=\"0\" marginwidth=\"0\" marginheight=\"0\" scrolling=\"no\"><\/iframe><\/p>\n<p>&nbsp;<\/p>\n","protected":false},"excerpt":{"rendered":"<p>Bon dia, fam\u00edlies!<br \/>\nDespr\u00e9s de les primeres setmanes dels vostres fills i filles al Paco Candel, volem compartir amb vosaltres un tastet de fotografies dels seus primers moments a l&#8217;escola.<br \/>\nPodreu veure les seves primeres experi\u00e8ncies dins l&#8217;estan\u00e7a en la vostra companyia, viv\u00e8ncies amb els companys i&hellip;  <a href=\"https:\/\/agora.xtec.cat\/escolapacocandel\/comunitat-de-petits\/3-anys\/proces-de-familiaritzacio-i3-curs-2024-25\/\" title=\"Read Proc\u00e9s de familiaritzaci\u00f3 I3 (Curs 2024-25)\">Llegeix m\u00e9s\u00bb<\/a><\/p>\n","protected":false},"author":60,"featured_media":9488,"comment_status":"open","ping_status":"closed","sticky":false,"template":"","format":"standard","meta":{"_bbp_topic_count":0,"_bbp_reply_count":0,"_bbp_total_topic_count":0,"_bbp_total_reply_count":0,"_bbp_voice_count":0,"_bbp_anonymous_reply_count":0,"_bbp_topic_count_hidden":0,"_bbp_reply_count_hidden":0,"_bbp_forum_subforum_count":0,"footnotes":""},"categories":[182],"tags":[208],"class_list":["post-9487","post","type-post","status-publish","format-standard","has-post-thumbnail","hentry","category-3-anys","tag-familiaritzacio"],"post_mailing_queue_ids":[],"_links":{"self":[{"href":"https:\/\/agora.xtec.cat\/escolapacocandel\/wp-json\/wp\/v2\/posts\/9487","targetHints":{"allow":["GET"]}}],"collection":[{"href":"https:\/\/agora.xtec.cat\/escolapacocandel\/wp-json\/wp\/v2\/posts"}],"about":[{"href":"https:\/\/agora.xtec.cat\/escolapacocandel\/wp-json\/wp\/v2\/types\/post"}],"author":[{"embeddable":true,"href":"https:\/\/agora.xtec.cat\/escolapacocandel\/wp-json\/wp\/v2\/users\/60"}],"replies":[{"embeddable":true,"href":"https:\/\/agora.xtec.cat\/escolapacocandel\/wp-json\/wp\/v2\/comments?post=9487"}],"version-history":[{"count":1,"href":"https:\/\/agora.xtec.cat\/escolapacocandel\/wp-json\/wp\/v2\/posts\/9487\/revisions"}],"predecessor-version":[{"id":9489,"href":"https:\/\/agora.xtec.cat\/escolapacocandel\/wp-json\/wp\/v2\/posts\/9487\/revisions\/9489"}],"wp:featuredmedia":[{"embeddable":true,"href":"https:\/\/agora.xtec.cat\/escolapacocandel\/wp-json\/wp\/v2\/media\/9488"}],"wp:attachment":[{"href":"https:\/\/agora.xtec.cat\/escolapacocandel\/wp-json\/wp\/v2\/media?parent=9487"}],"wp:term":[{"taxonomy":"category","embeddable":true,"href":"https:\/\/agora.xtec.cat\/escolapacocandel\/wp-json\/wp\/v2\/categories?post=9487"},{"taxonomy":"post_tag","embeddable":true,"href":"https:\/\/agora.xtec.cat\/escolapacocandel\/wp-json\/wp\/v2\/tags?post=9487"}],"curies":[{"name":"wp","href":"https:\/\/api.w.org\/{rel}","templated":true}]}}