{"id":9391,"date":"2024-06-20T15:34:29","date_gmt":"2024-06-20T13:34:29","guid":{"rendered":"https:\/\/agora.xtec.cat\/escolapacocandel\/?p=9391"},"modified":"2024-06-20T15:34:29","modified_gmt":"2024-06-20T13:34:29","slug":"sortida-al-climbat","status":"publish","type":"post","link":"https:\/\/agora.xtec.cat\/escolapacocandel\/comunitat-de-mitjans\/3r\/sortida-al-climbat\/","title":{"rendered":"SORTIDA AL CLIMBAT"},"content":{"rendered":"<p>El passat divendres 7 de juny, les dues classes de tercer de prim\u00e0ria vam gaudir de l&#8217;\u00faltima excursi\u00f3 del curs. Vam anar al CLIMBAT, un emocionant centre d&#8217;escalada, on vam poder fer activitat f\u00edsica i passar un dia molt divertit.<\/p>\n<p>En arribar, els monitors i les monitores ens van dividir en grups i ens van guiar per diverses activitats. Cada grup va tenir l&#8217;oportunitat d&#8217;experimentar l&#8217;adrenalina de la tirolina, desafiar-se amb l&#8217;escalada en el roc\u00f2drom gran, pujar per la paret d&#8217;escalada vertical i completar un circuit ple de reptes.<\/p>\n<p>Tots i totes ens ho vam passar genial i vam aprendre molt sobre l&#8217;escalada i el treball en equip. Va ser una experi\u00e8ncia inoblidable per tancar el curs.<\/p>\n<p>Fins a la pr\u00f2xima aventura!<\/p>\n<p>Aqu\u00ed us deixem un tastet de fotos:<\/p>\n<blockquote class=\"wp-embedded-content\" data-secret=\"szqoDivdq9\"><p><a href=\"https:\/\/agora.xtec.cat\/escolapacocandel\/general\/fotos-climbat\/\">Protegit: Fotos climbat<\/a><\/p><\/blockquote>\n<p><iframe loading=\"lazy\" class=\"wp-embedded-content\" sandbox=\"allow-scripts\" security=\"restricted\" style=\"position: absolute; clip: rect(1px, 1px, 1px, 1px);\" title=\"&#8220;Protegit: Fotos climbat&#8221; &#8212; Escola Paco Candel\" src=\"https:\/\/agora.xtec.cat\/escolapacocandel\/general\/fotos-climbat\/embed\/#?secret=4K07nmJv8E#?secret=szqoDivdq9\" data-secret=\"szqoDivdq9\" width=\"500\" height=\"282\" frameborder=\"0\" marginwidth=\"0\" marginheight=\"0\" scrolling=\"no\"><\/iframe><\/p>\n","protected":false},"excerpt":{"rendered":"<p>El passat divendres 7 de juny, les dues classes de tercer de prim\u00e0ria vam gaudir de l&#8217;\u00faltima excursi\u00f3 del curs. Vam anar al CLIMBAT, un emocionant centre d&#8217;escalada, on vam poder fer activitat f\u00edsica i passar un dia molt divertit.<br \/>\nEn arribar, els monitors i les&hellip;  <a href=\"https:\/\/agora.xtec.cat\/escolapacocandel\/comunitat-de-mitjans\/3r\/sortida-al-climbat\/\" title=\"Read SORTIDA AL CLIMBAT\">Llegeix m\u00e9s\u00bb<\/a><\/p>\n","protected":false},"author":1,"featured_media":9394,"comment_status":"open","ping_status":"closed","sticky":false,"template":"","format":"standard","meta":{"_bbp_topic_count":0,"_bbp_reply_count":0,"_bbp_total_topic_count":0,"_bbp_total_reply_count":0,"_bbp_voice_count":0,"_bbp_anonymous_reply_count":0,"_bbp_topic_count_hidden":0,"_bbp_reply_count_hidden":0,"_bbp_forum_subforum_count":0,"footnotes":""},"categories":[141],"tags":[],"class_list":["post-9391","post","type-post","status-publish","format-standard","has-post-thumbnail","hentry","category-3r"],"post_mailing_queue_ids":[],"_links":{"self":[{"href":"https:\/\/agora.xtec.cat\/escolapacocandel\/wp-json\/wp\/v2\/posts\/9391","targetHints":{"allow":["GET"]}}],"collection":[{"href":"https:\/\/agora.xtec.cat\/escolapacocandel\/wp-json\/wp\/v2\/posts"}],"about":[{"href":"https:\/\/agora.xtec.cat\/escolapacocandel\/wp-json\/wp\/v2\/types\/post"}],"author":[{"embeddable":true,"href":"https:\/\/agora.xtec.cat\/escolapacocandel\/wp-json\/wp\/v2\/users\/1"}],"replies":[{"embeddable":true,"href":"https:\/\/agora.xtec.cat\/escolapacocandel\/wp-json\/wp\/v2\/comments?post=9391"}],"version-history":[{"count":1,"href":"https:\/\/agora.xtec.cat\/escolapacocandel\/wp-json\/wp\/v2\/posts\/9391\/revisions"}],"predecessor-version":[{"id":9395,"href":"https:\/\/agora.xtec.cat\/escolapacocandel\/wp-json\/wp\/v2\/posts\/9391\/revisions\/9395"}],"wp:featuredmedia":[{"embeddable":true,"href":"https:\/\/agora.xtec.cat\/escolapacocandel\/wp-json\/wp\/v2\/media\/9394"}],"wp:attachment":[{"href":"https:\/\/agora.xtec.cat\/escolapacocandel\/wp-json\/wp\/v2\/media?parent=9391"}],"wp:term":[{"taxonomy":"category","embeddable":true,"href":"https:\/\/agora.xtec.cat\/escolapacocandel\/wp-json\/wp\/v2\/categories?post=9391"},{"taxonomy":"post_tag","embeddable":true,"href":"https:\/\/agora.xtec.cat\/escolapacocandel\/wp-json\/wp\/v2\/tags?post=9391"}],"curies":[{"name":"wp","href":"https:\/\/api.w.org\/{rel}","templated":true}]}}