{"id":9385,"date":"2024-06-20T13:48:56","date_gmt":"2024-06-20T11:48:56","guid":{"rendered":"https:\/\/agora.xtec.cat\/escolapacocandel\/?p=9385"},"modified":"2024-06-20T13:48:56","modified_gmt":"2024-06-20T11:48:56","slug":"projecte-5e-lamistat","status":"publish","type":"post","link":"https:\/\/agora.xtec.cat\/escolapacocandel\/comunitat-de-grans\/projecte-5e-lamistat\/","title":{"rendered":"Projecte 5\u00e8 &#8220;L&#8217;amistat&#8221;"},"content":{"rendered":"<p style=\"text-align: center;\"><span style=\"text-decoration: underline;\"><strong>Projecte de l\u2019amistat<\/strong><\/span><\/p>\n<p>El projecte de l\u2019amistat neix com una resposta a la necessitat dels infants d\u2019establir relacions sanes i respectuoses. Aquest projecte no nom\u00e9s busca fomentar connexions positives amb si mateix i amb els altres, sin\u00f3 tamb\u00e9 desenvolupar les compet\u00e8ncies emocionals i socials necess\u00e0ries per afrontar els desafiaments de la vida quotidiana.<\/p>\n<p>A trav\u00e9s de diferents din\u00e0miques, els infants aprenen a identificar i valorar les qualitats <a href=\"https:\/\/agora.xtec.cat\/escolapacocandel\/wp-content\/uploads\/usu332\/2024\/06\/Captura-de-pantalla-2024-06-20-134346.png\"><img loading=\"lazy\" decoding=\"async\" class=\"alignright wp-image-9387 \" src=\"https:\/\/agora.xtec.cat\/escolapacocandel\/wp-content\/uploads\/usu332\/2024\/06\/Captura-de-pantalla-2024-06-20-134346-300x249.png\" alt=\"\" width=\"214\" height=\"178\" srcset=\"https:\/\/agora.xtec.cat\/escolapacocandel\/wp-content\/uploads\/usu332\/2024\/06\/Captura-de-pantalla-2024-06-20-134346-300x250.png 300w, https:\/\/agora.xtec.cat\/escolapacocandel\/wp-content\/uploads\/usu332\/2024\/06\/Captura-de-pantalla-2024-06-20-134346.png 351w\" sizes=\"auto, (max-width: 214px) 100vw, 214px\" \/><\/a>pr\u00f2pies i dels companys i companyes, identificar i gestionar les emocions, respectar la diversitat, treballar en equip i resoldre conflictes de manera dialogada, constructiva i assertiva.<\/p>\n<p>Aquest proc\u00e9s d\u2019autoconeixement i descobriment dels altres dona lloc a moments compartits on cada infant desenvolupa habilitats d\u2019empatia, respecte, di\u00e0leg i capacitat d\u2019escolta activa.<\/p>\n<p style=\"text-align: right;\"><em>\u201cLes compet\u00e8ncies emocionals s\u00f3n el<a href=\"https:\/\/agora.xtec.cat\/escolapacocandel\/wp-content\/uploads\/usu332\/2024\/06\/Captura-de-pantalla-2024-06-20-134329.png\"><img loading=\"lazy\" decoding=\"async\" class=\"wp-image-9386 alignleft\" src=\"https:\/\/agora.xtec.cat\/escolapacocandel\/wp-content\/uploads\/usu332\/2024\/06\/Captura-de-pantalla-2024-06-20-134329-300x244.png\" alt=\"\" width=\"221\" height=\"180\" srcset=\"https:\/\/agora.xtec.cat\/escolapacocandel\/wp-content\/uploads\/usu332\/2024\/06\/Captura-de-pantalla-2024-06-20-134329-300x244.png 300w, https:\/\/agora.xtec.cat\/escolapacocandel\/wp-content\/uploads\/usu332\/2024\/06\/Captura-de-pantalla-2024-06-20-134329.png 352w\" sizes=\"auto, (max-width: 221px) 100vw, 221px\" \/><\/a> conjunt de coneixements, capacitats i habilitats actituds necess\u00e0ries per prendre consci\u00e8ncia, comprendre, expressar i regular de forma apropiada els fen\u00f2mens emocionals\u201d. <\/em><br \/>\n<em>Bisquerra, 2009:149<\/em><\/p>\n","protected":false},"excerpt":{"rendered":"<p>Projecte de l\u2019amistat<br \/>\nEl projecte de l\u2019amistat neix com una resposta a la necessitat dels infants d\u2019establir relacions sanes i respectuoses. Aquest projecte no nom\u00e9s busca fomentar connexions positives amb si mateix i amb els altres, sin\u00f3 tamb\u00e9 desenvolupar les compet\u00e8ncies emocionals i socials necess\u00e0ries per&hellip;  <a href=\"https:\/\/agora.xtec.cat\/escolapacocandel\/comunitat-de-grans\/projecte-5e-lamistat\/\" title=\"Read Projecte 5\u00e8 &#8220;L&#8217;amistat&#8221;\">Llegeix m\u00e9s\u00bb<\/a><\/p>\n","protected":false},"author":20,"featured_media":9388,"comment_status":"open","ping_status":"closed","sticky":false,"template":"","format":"standard","meta":{"_bbp_topic_count":0,"_bbp_reply_count":0,"_bbp_total_topic_count":0,"_bbp_total_reply_count":0,"_bbp_voice_count":0,"_bbp_anonymous_reply_count":0,"_bbp_topic_count_hidden":0,"_bbp_reply_count_hidden":0,"_bbp_forum_subforum_count":0,"footnotes":""},"categories":[144,129],"tags":[],"class_list":["post-9385","post","type-post","status-publish","format-standard","has-post-thumbnail","hentry","category-5e","category-comunitat-de-grans"],"post_mailing_queue_ids":[],"_links":{"self":[{"href":"https:\/\/agora.xtec.cat\/escolapacocandel\/wp-json\/wp\/v2\/posts\/9385","targetHints":{"allow":["GET"]}}],"collection":[{"href":"https:\/\/agora.xtec.cat\/escolapacocandel\/wp-json\/wp\/v2\/posts"}],"about":[{"href":"https:\/\/agora.xtec.cat\/escolapacocandel\/wp-json\/wp\/v2\/types\/post"}],"author":[{"embeddable":true,"href":"https:\/\/agora.xtec.cat\/escolapacocandel\/wp-json\/wp\/v2\/users\/20"}],"replies":[{"embeddable":true,"href":"https:\/\/agora.xtec.cat\/escolapacocandel\/wp-json\/wp\/v2\/comments?post=9385"}],"version-history":[{"count":2,"href":"https:\/\/agora.xtec.cat\/escolapacocandel\/wp-json\/wp\/v2\/posts\/9385\/revisions"}],"predecessor-version":[{"id":9390,"href":"https:\/\/agora.xtec.cat\/escolapacocandel\/wp-json\/wp\/v2\/posts\/9385\/revisions\/9390"}],"wp:featuredmedia":[{"embeddable":true,"href":"https:\/\/agora.xtec.cat\/escolapacocandel\/wp-json\/wp\/v2\/media\/9388"}],"wp:attachment":[{"href":"https:\/\/agora.xtec.cat\/escolapacocandel\/wp-json\/wp\/v2\/media?parent=9385"}],"wp:term":[{"taxonomy":"category","embeddable":true,"href":"https:\/\/agora.xtec.cat\/escolapacocandel\/wp-json\/wp\/v2\/categories?post=9385"},{"taxonomy":"post_tag","embeddable":true,"href":"https:\/\/agora.xtec.cat\/escolapacocandel\/wp-json\/wp\/v2\/tags?post=9385"}],"curies":[{"name":"wp","href":"https:\/\/api.w.org\/{rel}","templated":true}]}}