{"id":9371,"date":"2024-06-14T11:00:52","date_gmt":"2024-06-14T09:00:52","guid":{"rendered":"https:\/\/agora.xtec.cat\/escolapacocandel\/?p=9371"},"modified":"2024-06-13T11:54:09","modified_gmt":"2024-06-13T09:54:09","slug":"projecte-dhistoria-5e","status":"publish","type":"post","link":"https:\/\/agora.xtec.cat\/escolapacocandel\/comunitat-de-grans\/projecte-dhistoria-5e\/","title":{"rendered":"Viatjant a trav\u00e9s del temps: el nostre projecte d&#8217;hist\u00f2ria a 5\u00e8"},"content":{"rendered":"<p style=\"text-align: center;\"><b>Viatjant a trav\u00e9s del temps: el nostre projecte d&#8217;hist\u00f2ria a 5\u00e8<\/b><\/p>\n<p><span style=\"font-weight: 400;\">El nostre projecte d&#8217;hist\u00f2ria ens ha portat a explorar les diverses etapes de la hist\u00f2ria des de la creaci\u00f3 de l&#8217;univers fins a l\u2019edat contempor\u00e0nia. Ha estat una experi\u00e8ncia enriquidora que ens ha perm\u00e8s no nom\u00e9s aprendre sobre el passat, sin\u00f3 tamb\u00e9 desenvolupar habilitats de recerca, treball en equip i creativitat. A continuaci\u00f3, us resumirem breument els moments m\u00e9s destacats de cada per\u00edode hist\u00f2ric, la import\u00e0ncia de la recerca i del treball d\u2019equip fet pels infants.<\/span><\/p>\n<p>&nbsp;<\/p>\n<ul>\n<li style=\"font-weight: 400;\" aria-level=\"1\"><b>La cr<a href=\"https:\/\/agora.xtec.cat\/escolapacocandel\/wp-content\/uploads\/usu332\/2024\/06\/WhatsApp-Image-2024-06-13-at-11.42.56-1.jpeg\"><img loading=\"lazy\" decoding=\"async\" class=\"wp-image-9375 size-thumbnail alignright\" src=\"https:\/\/agora.xtec.cat\/escolapacocandel\/wp-content\/uploads\/usu332\/2024\/06\/WhatsApp-Image-2024-06-13-at-11.42.56-1-150x150.jpeg\" alt=\"\" width=\"150\" height=\"150\" \/><\/a>eaci\u00f3 de l&#8217;univers: <\/b><span style=\"font-weight: 400;\">Tot va iniciar-se amb la pregunta fonamental sobre l&#8217;origen de tot i la naixen\u00e7a de l&#8217;univers. Vam explorar la teoria del Big Bang, l&#8217;aparici\u00f3 de gal\u00e0xies i altres cossos celestes, la formaci\u00f3 del sistema solar, aix\u00ed com l&#8217;arribada de la vida al planeta Terra i l&#8217;evoluci\u00f3 de les esp\u00e8cies, tot aprofundint en la comprensi\u00f3 de la nostra pr\u00f2pia exist\u00e8ncia com a \u00e9ssers humans.<\/span><\/li>\n<\/ul>\n<p>&nbsp;<\/p>\n<ul>\n<li style=\"font-weight: 400;\" aria-level=\"1\"><b>Prehist\u00f2ria<\/b><span style=\"font-weight: 400;\">: Ens vam submergir en els temps prehist\u00f2rics, descobrint el modus vivendi dels<a href=\"https:\/\/agora.xtec.cat\/escolapacocandel\/wp-content\/uploads\/usu332\/2024\/06\/WhatsApp-Image-2024-06-13-at-11.42.56-2.jpeg\"><img loading=\"lazy\" decoding=\"async\" class=\"alignright wp-image-9374 size-thumbnail\" src=\"https:\/\/agora.xtec.cat\/escolapacocandel\/wp-content\/uploads\/usu332\/2024\/06\/WhatsApp-Image-2024-06-13-at-11.42.56-2-150x150.jpeg\" alt=\"\" width=\"150\" height=\"150\" \/><\/a> primers \u00e9ssers humans durant el paleol\u00edtic, el neol\u00edtic i l&#8217;edat dels metalls, els grans descobriments que van fer i els\u00a0 invents que van aportar per millorar la seva qualitat de vida. A m\u00e9s, vam explorar les primeres manifestacions art\u00edstiques com les pintures rupestres o els monuments megal\u00edtics.<\/span><\/li>\n<\/ul>\n<p>&nbsp;<\/p>\n<ul>\n<li style=\"font-weight: 400;\" aria-level=\"1\"><b>Edat Antiga<\/b><span style=\"font-weight: 400;\">: Ens vam endinsar en les primeres grans civilitzacions com Mesopot\u00e0mia, l&#8217;Antic Egipte, Gr\u00e8cia i Roma, aix\u00ed com algunes cultures com els ibers, els maies i els asteques. La investigaci\u00f3 sobre els antics sistemes d&#8217;organitzaci\u00f3, les seves construccions, les seves creences i l<a href=\"https:\/\/agora.xtec.cat\/escolapacocandel\/wp-content\/uploads\/usu332\/2024\/06\/WhatsApp-Image-2024-06-13-at-11.42.56.jpeg\"><img loading=\"lazy\" decoding=\"async\" class=\"alignright wp-image-9376 size-thumbnail\" src=\"https:\/\/agora.xtec.cat\/escolapacocandel\/wp-content\/uploads\/usu332\/2024\/06\/WhatsApp-Image-2024-06-13-at-11.42.56-150x150.jpeg\" alt=\"\" width=\"150\" height=\"150\" \/><\/a>es pr\u00e0ctiques religioses va enriquir el nostre viatge a trav\u00e9s d&#8217;aquesta etapa fascinant.<\/span><\/li>\n<\/ul>\n<p>&nbsp;<\/p>\n<ul>\n<li style=\"font-weight: 400;\" aria-level=\"1\"><b>Edat Mitjana: <\/b><span style=\"font-weight: 400;\">Vam fer un viatge a trav\u00e9s de les edats fosques, des de la invasi\u00f3 dels pobles germ\u00e0nics, la caiguda de l&#8217;Imperi Rom\u00e0, explorant l&#8217;\u00e8poca feudal, els primers regnes cristians i la vida als castells i a les ciutats medievals, aix\u00ed com la invasi\u00f3 musulmana, les guerres, les croades i les epid\u00e8mies que van marcar aquest per\u00edode de la hist\u00f2ria.<\/span><\/li>\n<\/ul>\n<p><a href=\"https:\/\/agora.xtec.cat\/escolapacocandel\/wp-content\/uploads\/usu332\/2024\/06\/IMG_3166-scaled.jpg\"><img loading=\"lazy\" decoding=\"async\" class=\"alignright wp-image-9373 size-thumbnail\" src=\"https:\/\/agora.xtec.cat\/escolapacocandel\/wp-content\/uploads\/usu332\/2024\/06\/IMG_3166-150x150.jpg\" alt=\"\" width=\"150\" height=\"150\" \/><\/a> <a href=\"https:\/\/agora.xtec.cat\/escolapacocandel\/wp-content\/uploads\/usu332\/2024\/06\/IMG_3345.heic\"><img loading=\"lazy\" decoding=\"async\" class=\"alignnone size-medium wp-image-9377\" src=\"https:\/\/agora.xtec.cat\/escolapacocandel\/wp-content\/uploads\/usu332\/2024\/06\/IMG_3345.heic\" alt=\"\" width=\"1\" height=\"1\" \/><\/a> <a href=\"https:\/\/agora.xtec.cat\/escolapacocandel\/wp-content\/uploads\/usu332\/2024\/06\/IMG_4492.heic\"><img loading=\"lazy\" decoding=\"async\" class=\"alignnone size-medium wp-image-9379\" src=\"https:\/\/agora.xtec.cat\/escolapacocandel\/wp-content\/uploads\/usu332\/2024\/06\/IMG_4492.heic\" alt=\"\" width=\"1\" height=\"1\" \/><\/a> <a href=\"https:\/\/agora.xtec.cat\/escolapacocandel\/wp-content\/uploads\/usu332\/2024\/06\/IMG_3807.heic\"><img loading=\"lazy\" decoding=\"async\" class=\"alignnone size-medium wp-image-9380\" src=\"https:\/\/agora.xtec.cat\/escolapacocandel\/wp-content\/uploads\/usu332\/2024\/06\/IMG_3807.heic\" alt=\"\" width=\"1\" height=\"1\" \/><\/a> <a href=\"https:\/\/agora.xtec.cat\/escolapacocandel\/wp-content\/uploads\/usu332\/2024\/06\/IMG_3166.heic\"><img loading=\"lazy\" decoding=\"async\" class=\"alignnone size-medium wp-image-9381\" src=\"https:\/\/agora.xtec.cat\/escolapacocandel\/wp-content\/uploads\/usu332\/2024\/06\/IMG_3166.heic\" alt=\"\" width=\"1\" height=\"1\" \/><\/a><\/p>\n<ul>\n<li style=\"font-weight: 400;\" aria-level=\"1\"><b>Edat Moderna<\/b><span style=\"font-weight: 400;\">: Vam viatjar a trav\u00e9s de l&#8217;\u00e8poca dels descobriments, del canvi a un pensament m\u00e9s cient\u00edfic, i dels aven\u00e7os cient\u00edfics i t\u00e8cnics que van permetre les grans expedicions fent la volta al m\u00f3n. Explorant els viatges de Crist\u00f2fol Colom, la invasi\u00f3 d\u2019Am\u00e8rica i la colonitzaci\u00f3, aix\u00ed com la vida dels pirates. Per acabar, vam culminar amb la revoluci\u00f3 industrial i el descobriment de la m\u00e0quina de vapor, i la Revoluci\u00f3 Francesa que va sacsejar els fonaments socials i pol\u00edtics de l&#8217;\u00e8poca i de les monarquies absolutistes per abra\u00e7ar idees com la llibertat, la igualtat i la fraternitat.<\/span><\/li>\n<\/ul>\n<p>&nbsp;<\/p>\n<ul>\n<li style=\"font-weight: 400;\" aria-level=\"1\"><b>Edat Contempor\u00e0nia<\/b><span style=\"font-weight: 400;\">: Finalment, vam arribar als temps m\u00e9s actuals, explorant esdeveniments importants de con\u00e8ixer com les guerres mundials, les dictadures i les democr\u00e0cies, els moviments per la millora de drets, i altres aven\u00e7os tecnol\u00f2gics. Tamb\u00e9, vam analitzar com els es<a href=\"https:\/\/agora.xtec.cat\/escolapacocandel\/wp-content\/uploads\/usu332\/2024\/06\/Imatge-de-WhatsApp-2024-05-29-a-les-18.03.44_1fe4852f-rotated.jpg\"><img loading=\"lazy\" decoding=\"async\" class=\"alignright wp-image-9378 size-thumbnail\" src=\"https:\/\/agora.xtec.cat\/escolapacocandel\/wp-content\/uploads\/usu332\/2024\/06\/Imatge-de-WhatsApp-2024-05-29-a-les-18.03.44_1fe4852f-150x150.jpg\" alt=\"\" width=\"150\" height=\"150\" \/><\/a>deveniments recents han influ\u00eft en el m\u00f3n d&#8217;avui.<\/span><\/li>\n<\/ul>\n<p>&nbsp;<\/p>\n<p><span style=\"font-weight: 400;\">Durant tot aquest projecte, la recerca va ser fonamental. Els infants has apr\u00e8s a fer servir fonts com els llibres, les revistes i la recerca a Internet. Tamb\u00e9 s\u2019han iniciat en ser cr\u00edtics amb la fiabilitat de les mateixes i a sintetitzar la informaci\u00f3, sense copiar-la directament.<\/span><\/p>\n<p><span style=\"font-weight: 400;\">El treball en equip va ser clau i \u00e9s molt important el rol que cada membre de l\u2019equip desenvolupa. A m\u00e9s, van fer treballs manuals per il\u00b7lustrar els diferents per\u00edodes, des d&#8217;estris de la prehist\u00f2ria a mosaics amb gerres romanes.\u00a0<\/span><\/p>\n<p>&nbsp;<\/p>\n<p><span style=\"font-weight: 400;\">Una part destacada del nostre projecte va ser el taller d&#8217;arqueologia a l&#8217;aula, on vam tenir l&#8217;oportunitat d&#8217;actuar com aut\u00e8ntics arque\u00f2legs i arque\u00f2logues, descobrint una varietat d&#8217;eines ib\u00e8riques. A m\u00e9s, vam gaudir de la visita al Museu d&#8217;Hist\u00f2ria de Barcelona, on vam poder explorar de prop diversos habitatges de diferents \u00e8poques i con\u00e8ixer els estils de vida. Tamb\u00e9, vam fer un taller a l\u2019escola anomenat \u201cArxiu a les aules\u201d, on vam investigar i con\u00e8ixer diferents edificis de l\u2019Hospitalet de Llobregat de segles anteriors.<\/span><\/p>\n<p>&nbsp;<\/p>\n<p><span style=\"font-weight: 400;\">Finalment, vam concloure el nostre projecte amb l\u2019organitzaci\u00f3 d\u2019una fira hist\u00f2rica, on vam presentar a les fam\u00edlies convidades a rec\u00f3rrer les diferents paradetes tematitzades amb cada \u00e8poca hist\u00f2rica. Des d\u2019origen de l\u2019univers fins als temps contemporanis, vam mostrar la feina feta, explicant a les fam\u00edlies tot el que hem apr\u00e8s amb dedicaci\u00f3 i entusiasme.<\/span><\/p>\n<p>&nbsp;<\/p>\n","protected":false},"excerpt":{"rendered":"<p>Viatjant a trav\u00e9s del temps: el nostre projecte d&#8217;hist\u00f2ria a 5\u00e8<br \/>\nEl nostre projecte d&#8217;hist\u00f2ria ens ha portat a explorar les diverses etapes de la hist\u00f2ria des de la creaci\u00f3 de l&#8217;univers fins a l\u2019edat contempor\u00e0nia. Ha estat una experi\u00e8ncia enriquidora que ens ha perm\u00e8s no&hellip;  <a href=\"https:\/\/agora.xtec.cat\/escolapacocandel\/comunitat-de-grans\/projecte-dhistoria-5e\/\" title=\"Read Viatjant a trav\u00e9s del temps: el nostre projecte d&#8217;hist\u00f2ria a 5\u00e8\">Llegeix m\u00e9s\u00bb<\/a><\/p>\n","protected":false},"author":20,"featured_media":9372,"comment_status":"open","ping_status":"closed","sticky":false,"template":"","format":"standard","meta":{"_bbp_topic_count":0,"_bbp_reply_count":0,"_bbp_total_topic_count":0,"_bbp_total_reply_count":0,"_bbp_voice_count":0,"_bbp_anonymous_reply_count":0,"_bbp_topic_count_hidden":0,"_bbp_reply_count_hidden":0,"_bbp_forum_subforum_count":0,"footnotes":""},"categories":[144,129],"tags":[],"class_list":["post-9371","post","type-post","status-publish","format-standard","has-post-thumbnail","hentry","category-5e","category-comunitat-de-grans"],"post_mailing_queue_ids":[],"_links":{"self":[{"href":"https:\/\/agora.xtec.cat\/escolapacocandel\/wp-json\/wp\/v2\/posts\/9371","targetHints":{"allow":["GET"]}}],"collection":[{"href":"https:\/\/agora.xtec.cat\/escolapacocandel\/wp-json\/wp\/v2\/posts"}],"about":[{"href":"https:\/\/agora.xtec.cat\/escolapacocandel\/wp-json\/wp\/v2\/types\/post"}],"author":[{"embeddable":true,"href":"https:\/\/agora.xtec.cat\/escolapacocandel\/wp-json\/wp\/v2\/users\/20"}],"replies":[{"embeddable":true,"href":"https:\/\/agora.xtec.cat\/escolapacocandel\/wp-json\/wp\/v2\/comments?post=9371"}],"version-history":[{"count":2,"href":"https:\/\/agora.xtec.cat\/escolapacocandel\/wp-json\/wp\/v2\/posts\/9371\/revisions"}],"predecessor-version":[{"id":9383,"href":"https:\/\/agora.xtec.cat\/escolapacocandel\/wp-json\/wp\/v2\/posts\/9371\/revisions\/9383"}],"wp:featuredmedia":[{"embeddable":true,"href":"https:\/\/agora.xtec.cat\/escolapacocandel\/wp-json\/wp\/v2\/media\/9372"}],"wp:attachment":[{"href":"https:\/\/agora.xtec.cat\/escolapacocandel\/wp-json\/wp\/v2\/media?parent=9371"}],"wp:term":[{"taxonomy":"category","embeddable":true,"href":"https:\/\/agora.xtec.cat\/escolapacocandel\/wp-json\/wp\/v2\/categories?post=9371"},{"taxonomy":"post_tag","embeddable":true,"href":"https:\/\/agora.xtec.cat\/escolapacocandel\/wp-json\/wp\/v2\/tags?post=9371"}],"curies":[{"name":"wp","href":"https:\/\/api.w.org\/{rel}","templated":true}]}}