{"id":9365,"date":"2024-06-12T12:49:00","date_gmt":"2024-06-12T10:49:00","guid":{"rendered":"https:\/\/agora.xtec.cat\/escolapacocandel\/?p=9365"},"modified":"2024-06-12T12:49:00","modified_gmt":"2024-06-12T10:49:00","slug":"coneixem-nos-explorant-la-sexualitat-a-sise","status":"publish","type":"post","link":"https:\/\/agora.xtec.cat\/escolapacocandel\/comunitat-de-grans\/coneixem-nos-explorant-la-sexualitat-a-sise\/","title":{"rendered":"&#8220;Coneixem-nos&#8221;: Explorant la Sexualitat a Sis\u00e8"},"content":{"rendered":"<p style=\"text-align: justify; line-height: 150%;\"><span style=\"font-family: 'Arial',sans-serif;\">Aquest tercer trimestre, l\u2019alumnat de sis\u00e8 han participat en el projecte &#8220;Coneixem-nos&#8221;, centrat en l&#8217;educaci\u00f3 sexual. Aquest projecte va comen\u00e7ar amb una pluja d&#8217;idees on els nens i les nenes van expressar lliurement les seves preguntes i inquietuds sobre la sexualitat. Les preguntes recollides es van agrupar en cinc grans temes: diversitat sexual, embar\u00e0s i menstruaci\u00f3, adolesc\u00e8ncia i m\u00e8todes anticonceptius, temes tab\u00fas i reproducci\u00f3 sexual.<\/span><\/p>\n<p style=\"text-align: justify; line-height: 150%;\"><span style=\"font-family: 'Arial',sans-serif;\">Un cop classificades les preguntes, es van formar equips de treball, i cada equip es va especialitzar en un dels temes. Els equips van investigar i respondre les preguntes inicials, aprofitant aquesta oportunitat per aprofundir en els temes i treballar de manera col\u00b7laborativa. Despr\u00e9s de la fase de recerca, cada equip va preparar una exposici\u00f3 per presentar les seves conclusions als companys de classe, fomentant les habilitats de comunicaci\u00f3 i l&#8217;aprenentatge compartit.<\/span><\/p>\n<p style=\"text-align: justify; line-height: 150%;\"><span style=\"font-family: 'Arial',sans-serif;\">El projecte va culminar amb la creaci\u00f3 d&#8217;un llibre que recollia totes les respostes a les preguntes inicials. Cada infant va rebre una c\u00f2pia del llibre, proporcionant-los un recurs de consulta per al futur. Aquesta activitat final va refor\u00e7ar els coneixements adquirits i va servir com a eina tangible per recordar el que han apr\u00e8s.<\/span><\/p>\n<blockquote class=\"wp-embedded-content\" data-secret=\"hQqjdIejBx\"><p><a href=\"https:\/\/agora.xtec.cat\/escolapacocandel\/fotos-privat\/fotos-projecte-sise\/\">Protegit: FOTOS PROJECTE SIS\u00c8<\/a><\/p><\/blockquote>\n<p><iframe loading=\"lazy\" class=\"wp-embedded-content\" sandbox=\"allow-scripts\" security=\"restricted\" style=\"position: absolute; clip: rect(1px, 1px, 1px, 1px);\" title=\"&#8220;Protegit: FOTOS PROJECTE SIS\u00c8&#8221; &#8212; Escola Paco Candel\" src=\"https:\/\/agora.xtec.cat\/escolapacocandel\/fotos-privat\/fotos-projecte-sise\/embed\/#?secret=RANmWZSPVL#?secret=hQqjdIejBx\" data-secret=\"hQqjdIejBx\" width=\"500\" height=\"282\" frameborder=\"0\" marginwidth=\"0\" marginheight=\"0\" scrolling=\"no\"><\/iframe><\/p>\n","protected":false},"excerpt":{"rendered":"<p>Aquest tercer trimestre, l\u2019alumnat de sis\u00e8 han participat en el projecte &#8220;Coneixem-nos&#8221;, centrat en l&#8217;educaci\u00f3 sexual. Aquest projecte va comen\u00e7ar amb una pluja d&#8217;idees on els nens i les nenes van expressar lliurement les seves preguntes i inquietuds sobre la sexualitat. Les preguntes recollides es&hellip;  <a href=\"https:\/\/agora.xtec.cat\/escolapacocandel\/comunitat-de-grans\/coneixem-nos-explorant-la-sexualitat-a-sise\/\" title=\"Read &#8220;Coneixem-nos&#8221;: Explorant la Sexualitat a Sis\u00e8\">Llegeix m\u00e9s\u00bb<\/a><\/p>\n","protected":false},"author":21,"featured_media":9366,"comment_status":"open","ping_status":"closed","sticky":false,"template":"","format":"standard","meta":{"_bbp_topic_count":0,"_bbp_reply_count":0,"_bbp_total_topic_count":0,"_bbp_total_reply_count":0,"_bbp_voice_count":0,"_bbp_anonymous_reply_count":0,"_bbp_topic_count_hidden":0,"_bbp_reply_count_hidden":0,"_bbp_forum_subforum_count":0,"footnotes":""},"categories":[129,146],"tags":[],"class_list":["post-9365","post","type-post","status-publish","format-standard","has-post-thumbnail","hentry","category-comunitat-de-grans","category-6e"],"post_mailing_queue_ids":[],"_links":{"self":[{"href":"https:\/\/agora.xtec.cat\/escolapacocandel\/wp-json\/wp\/v2\/posts\/9365","targetHints":{"allow":["GET"]}}],"collection":[{"href":"https:\/\/agora.xtec.cat\/escolapacocandel\/wp-json\/wp\/v2\/posts"}],"about":[{"href":"https:\/\/agora.xtec.cat\/escolapacocandel\/wp-json\/wp\/v2\/types\/post"}],"author":[{"embeddable":true,"href":"https:\/\/agora.xtec.cat\/escolapacocandel\/wp-json\/wp\/v2\/users\/21"}],"replies":[{"embeddable":true,"href":"https:\/\/agora.xtec.cat\/escolapacocandel\/wp-json\/wp\/v2\/comments?post=9365"}],"version-history":[{"count":2,"href":"https:\/\/agora.xtec.cat\/escolapacocandel\/wp-json\/wp\/v2\/posts\/9365\/revisions"}],"predecessor-version":[{"id":9370,"href":"https:\/\/agora.xtec.cat\/escolapacocandel\/wp-json\/wp\/v2\/posts\/9365\/revisions\/9370"}],"wp:featuredmedia":[{"embeddable":true,"href":"https:\/\/agora.xtec.cat\/escolapacocandel\/wp-json\/wp\/v2\/media\/9366"}],"wp:attachment":[{"href":"https:\/\/agora.xtec.cat\/escolapacocandel\/wp-json\/wp\/v2\/media?parent=9365"}],"wp:term":[{"taxonomy":"category","embeddable":true,"href":"https:\/\/agora.xtec.cat\/escolapacocandel\/wp-json\/wp\/v2\/categories?post=9365"},{"taxonomy":"post_tag","embeddable":true,"href":"https:\/\/agora.xtec.cat\/escolapacocandel\/wp-json\/wp\/v2\/tags?post=9365"}],"curies":[{"name":"wp","href":"https:\/\/api.w.org\/{rel}","templated":true}]}}