{"id":9353,"date":"2024-06-10T10:14:02","date_gmt":"2024-06-10T08:14:02","guid":{"rendered":"https:\/\/agora.xtec.cat\/escolapacocandel\/?p=9353"},"modified":"2025-01-27T18:58:46","modified_gmt":"2025-01-27T17:58:46","slug":"cita-previa-per-matriculacio-curs-24-25","status":"publish","type":"post","link":"https:\/\/agora.xtec.cat\/escolapacocandel\/general\/cita-previa-per-matriculacio-curs-24-25\/","title":{"rendered":"ACCC\u00c9S ADMESOS I CITA PR\u00c8VIA PER MATRICULACI\u00d3. CURS 24\/25"},"content":{"rendered":"<p>A partir d&#8217;avui, 10 de juny de 2024, tots els centres publiquen la seva llista d&#8217;alumnes admesos per al curs vinent, i la <strong><a title=\"Ves-hi\" href=\"https:\/\/preinscripcio.gencat.cat\/ca\/estudis\/infantil-3-6\/preinscriute\/consulta\/llista-espera\/\">llista d&#8217;espera<\/a><\/strong>. Cal que la consulteu per comprovar que hi sou.<\/p>\n<p><a href=\"https:\/\/agora.xtec.cat\/escolapacocandel\/wp-content\/uploads\/usu332\/2024\/06\/2024.06.10_INFORME_ASSIGNADES_INFORME_ASSIGNADES.pdf\">2024.06.10_INFORME_ASSIGNADES_INFORME_ASSIGNADES<\/a><\/p>\n<p><a href=\"https:\/\/agora.xtec.cat\/escolapacocandel\/wp-content\/uploads\/usu332\/2024\/06\/2024.06.10_INFORME_LLISTA_ESPERA_OME_LLISTA_ESPERA.pdf\">2024.06.10_INFORME_LLISTA_ESPERA_OME_LLISTA_ESPERA<\/a><\/p>\n<p><a href=\"https:\/\/agora.xtec.cat\/escolapacocandel\/wp-content\/uploads\/usu332\/2024\/06\/2024.06.10_INFORME_PREINSCRITES_OME_INFORME_PREINSCRITES_OME.pdf\">2024.06.10_INFORME_PREINSCRITES_OME_INFORME_PREINSCRITES_OME<\/a><\/p>\n<p>Tamb\u00e9 podeu fer la consulta a trav\u00e9s de l&#8217;Acc\u00e9s a la consulta de la llista d&#8217;admesos:<\/p>\n<p><a href=\"https:\/\/preinscripcio.gencat.cat\/ca\/estudis\/infantil-3-6\/preinscriute\/consulta\/llista-admesos\/\">https:\/\/preinscripcio.gencat.cat\/ca\/estudis\/infantil-3-6\/preinscriute\/consulta\/llista-admesos\/<\/a><\/p>\n<p>Aquelles fam\u00edlies que heu obtingut pla\u00e7a a l&#8217;escola podeu sol\u00b7licitar cita mitjan\u00e7ant el seg\u00fcent <strong><a href=\"https:\/\/aplicacions.gestioeducativa.gencat.cat\/pls\/apex\/f?p=CITA_PREVIA:4::::4:P4_TIPUS_CALENDARI,P4_DOMINI:03_Oblig,08069736\">enlla\u00e7<\/a> <\/strong>per iniciar el proc\u00e9s de matriculaci\u00f3. La documentaci\u00f3 que haureu de portar la rebreu via email.<\/p>\n<p><a href=\"https:\/\/aplicacions.gestioeducativa.gencat.cat\/pls\/apex\/f?p=CITA_PREVIA:4::::4:P4_TIPUS_CALENDARI,P4_DOMINI:03_Oblig,08069736\">https:\/\/aplicacions.gestioeducativa.gencat.cat\/pls\/apex\/f?p=CITA_PREVIA:4::::4:P4_TIPUS_CALENDARI,P4_DOMINI:03_Oblig,08069736<\/a><\/p>\n<p>&nbsp;<\/p>\n","protected":false},"excerpt":{"rendered":"<p>A partir d&#8217;avui, 10 de juny de 2024, tots els centres publiquen la seva llista d&#8217;alumnes admesos per al curs vinent, i la <a title=\"Ves-hi\" href=\"https:\/\/preinscripcio.gencat.cat\/ca\/estudis\/infantil-3-6\/preinscriute\/consulta\/llista-espera\/\">llista d&#8217;espera<\/a>. Cal que la consulteu per comprovar que hi sou.<br \/>\n<a href=\"https:\/\/agora.xtec.cat\/escolapacocandel\/wp-content\/uploads\/usu332\/2024\/06\/2024.06.10_INFORME_ASSIGNADES_INFORME_ASSIGNADES.pdf\">2024.06.10_INFORME_ASSIGNADES_INFORME_ASSIGNADES<\/a><br \/>\n<a href=\"https:\/\/agora.xtec.cat\/escolapacocandel\/wp-content\/uploads\/usu332\/2024\/06\/2024.06.10_INFORME_LLISTA_ESPERA_OME_LLISTA_ESPERA.pdf\">2024.06.10_INFORME_LLISTA_ESPERA_OME_LLISTA_ESPERA<\/a><br \/>\n<a href=\"https:\/\/agora.xtec.cat\/escolapacocandel\/wp-content\/uploads\/usu332\/2024\/06\/2024.06.10_INFORME_PREINSCRITES_OME_INFORME_PREINSCRITES_OME.pdf\">2024.06.10_INFORME_PREINSCRITES_OME_INFORME_PREINSCRITES_OME<\/a><br \/>\nTamb\u00e9 podeu fer la consulta a trav\u00e9s&hellip;  <a href=\"https:\/\/agora.xtec.cat\/escolapacocandel\/general\/cita-previa-per-matriculacio-curs-24-25\/\" title=\"Read ACCC\u00c9S ADMESOS I CITA PR\u00c8VIA PER MATRICULACI\u00d3. CURS 24\/25\">Llegeix m\u00e9s\u00bb<\/a><\/p>\n","protected":false},"author":12,"featured_media":0,"comment_status":"open","ping_status":"closed","sticky":false,"template":"","format":"standard","meta":{"_bbp_topic_count":0,"_bbp_reply_count":0,"_bbp_total_topic_count":0,"_bbp_total_reply_count":0,"_bbp_voice_count":0,"_bbp_anonymous_reply_count":0,"_bbp_topic_count_hidden":0,"_bbp_reply_count_hidden":0,"_bbp_forum_subforum_count":0,"footnotes":""},"categories":[1,4,213],"tags":[],"class_list":["post-9353","post","type-post","status-publish","format-standard","hentry","category-general","category-portada","category-preinscripcio"],"post_mailing_queue_ids":[],"_links":{"self":[{"href":"https:\/\/agora.xtec.cat\/escolapacocandel\/wp-json\/wp\/v2\/posts\/9353","targetHints":{"allow":["GET"]}}],"collection":[{"href":"https:\/\/agora.xtec.cat\/escolapacocandel\/wp-json\/wp\/v2\/posts"}],"about":[{"href":"https:\/\/agora.xtec.cat\/escolapacocandel\/wp-json\/wp\/v2\/types\/post"}],"author":[{"embeddable":true,"href":"https:\/\/agora.xtec.cat\/escolapacocandel\/wp-json\/wp\/v2\/users\/12"}],"replies":[{"embeddable":true,"href":"https:\/\/agora.xtec.cat\/escolapacocandel\/wp-json\/wp\/v2\/comments?post=9353"}],"version-history":[{"count":5,"href":"https:\/\/agora.xtec.cat\/escolapacocandel\/wp-json\/wp\/v2\/posts\/9353\/revisions"}],"predecessor-version":[{"id":9362,"href":"https:\/\/agora.xtec.cat\/escolapacocandel\/wp-json\/wp\/v2\/posts\/9353\/revisions\/9362"}],"wp:attachment":[{"href":"https:\/\/agora.xtec.cat\/escolapacocandel\/wp-json\/wp\/v2\/media?parent=9353"}],"wp:term":[{"taxonomy":"category","embeddable":true,"href":"https:\/\/agora.xtec.cat\/escolapacocandel\/wp-json\/wp\/v2\/categories?post=9353"},{"taxonomy":"post_tag","embeddable":true,"href":"https:\/\/agora.xtec.cat\/escolapacocandel\/wp-json\/wp\/v2\/tags?post=9353"}],"curies":[{"name":"wp","href":"https:\/\/api.w.org\/{rel}","templated":true}]}}