{"id":9333,"date":"2024-06-06T12:15:07","date_gmt":"2024-06-06T10:15:07","guid":{"rendered":"https:\/\/agora.xtec.cat\/escolapacocandel\/?p=9333"},"modified":"2024-06-06T12:15:07","modified_gmt":"2024-06-06T10:15:07","slug":"sortida-canal-olimpic-5e-2","status":"publish","type":"post","link":"https:\/\/agora.xtec.cat\/escolapacocandel\/comunitat-de-grans\/sortida-canal-olimpic-5e-2\/","title":{"rendered":"Sortida Canal ol\u00edmpic 5\u00e8"},"content":{"rendered":"<p>Aquesta setmana hem comen\u00e7at amb molta energia, anant de sortida al <strong>Canal Ol\u00edmpic<\/strong> amb els infants de 5\u00e8. Hem fet activitats diverses com anar en canoa, circuit d&#8217;aventura amb inflables per l&#8217;aigua i estona de temps lliure amb pilotes.<\/p>\n<p>Ens ha sortit un dia incre\u00efble de sol on els infants de 5\u00e8 han gaudit molt d&#8217;aquesta aventura.<\/p>\n<p>A continuaci\u00f3 us deixem les fotografies de la sortida.<\/p>\n<blockquote class=\"wp-embedded-content\" data-secret=\"0xrHBm0xB9\"><p><a href=\"https:\/\/agora.xtec.cat\/escolapacocandel\/fotos-privat\/fotos-canal-olimpic\/\">Protegit: Fotos Canal Ol\u00edmpic<\/a><\/p><\/blockquote>\n<p><iframe loading=\"lazy\" class=\"wp-embedded-content\" sandbox=\"allow-scripts\" security=\"restricted\" style=\"position: absolute; clip: rect(1px, 1px, 1px, 1px);\" title=\"&#8220;Protegit: Fotos Canal Ol\u00edmpic&#8221; &#8212; Escola Paco Candel\" src=\"https:\/\/agora.xtec.cat\/escolapacocandel\/fotos-privat\/fotos-canal-olimpic\/embed\/#?secret=JzcVS8svsE#?secret=0xrHBm0xB9\" data-secret=\"0xrHBm0xB9\" width=\"500\" height=\"282\" frameborder=\"0\" marginwidth=\"0\" marginheight=\"0\" scrolling=\"no\"><\/iframe><\/p>\n","protected":false},"excerpt":{"rendered":"<p>Aquesta setmana hem comen\u00e7at amb molta energia, anant de sortida al Canal Ol\u00edmpic amb els infants de 5\u00e8. Hem fet activitats diverses com anar en canoa, circuit d&#8217;aventura amb inflables per l&#8217;aigua i estona de temps lliure amb pilotes.<br \/>\nEns ha sortit un dia incre\u00efble de&hellip;  <a href=\"https:\/\/agora.xtec.cat\/escolapacocandel\/comunitat-de-grans\/sortida-canal-olimpic-5e-2\/\" title=\"Read Sortida Canal ol\u00edmpic 5\u00e8\">Llegeix m\u00e9s\u00bb<\/a><\/p>\n","protected":false},"author":20,"featured_media":9334,"comment_status":"open","ping_status":"closed","sticky":false,"template":"","format":"standard","meta":{"_bbp_topic_count":0,"_bbp_reply_count":0,"_bbp_total_topic_count":0,"_bbp_total_reply_count":0,"_bbp_voice_count":0,"_bbp_anonymous_reply_count":0,"_bbp_topic_count_hidden":0,"_bbp_reply_count_hidden":0,"_bbp_forum_subforum_count":0,"footnotes":""},"categories":[144,129],"tags":[],"class_list":["post-9333","post","type-post","status-publish","format-standard","has-post-thumbnail","hentry","category-5e","category-comunitat-de-grans"],"post_mailing_queue_ids":[],"_links":{"self":[{"href":"https:\/\/agora.xtec.cat\/escolapacocandel\/wp-json\/wp\/v2\/posts\/9333","targetHints":{"allow":["GET"]}}],"collection":[{"href":"https:\/\/agora.xtec.cat\/escolapacocandel\/wp-json\/wp\/v2\/posts"}],"about":[{"href":"https:\/\/agora.xtec.cat\/escolapacocandel\/wp-json\/wp\/v2\/types\/post"}],"author":[{"embeddable":true,"href":"https:\/\/agora.xtec.cat\/escolapacocandel\/wp-json\/wp\/v2\/users\/20"}],"replies":[{"embeddable":true,"href":"https:\/\/agora.xtec.cat\/escolapacocandel\/wp-json\/wp\/v2\/comments?post=9333"}],"version-history":[{"count":1,"href":"https:\/\/agora.xtec.cat\/escolapacocandel\/wp-json\/wp\/v2\/posts\/9333\/revisions"}],"predecessor-version":[{"id":9335,"href":"https:\/\/agora.xtec.cat\/escolapacocandel\/wp-json\/wp\/v2\/posts\/9333\/revisions\/9335"}],"wp:featuredmedia":[{"embeddable":true,"href":"https:\/\/agora.xtec.cat\/escolapacocandel\/wp-json\/wp\/v2\/media\/9334"}],"wp:attachment":[{"href":"https:\/\/agora.xtec.cat\/escolapacocandel\/wp-json\/wp\/v2\/media?parent=9333"}],"wp:term":[{"taxonomy":"category","embeddable":true,"href":"https:\/\/agora.xtec.cat\/escolapacocandel\/wp-json\/wp\/v2\/categories?post=9333"},{"taxonomy":"post_tag","embeddable":true,"href":"https:\/\/agora.xtec.cat\/escolapacocandel\/wp-json\/wp\/v2\/tags?post=9333"}],"curies":[{"name":"wp","href":"https:\/\/api.w.org\/{rel}","templated":true}]}}