{"id":9323,"date":"2024-06-06T09:40:40","date_gmt":"2024-06-06T07:40:40","guid":{"rendered":"https:\/\/agora.xtec.cat\/escolapacocandel\/?p=9323"},"modified":"2024-06-06T09:42:30","modified_gmt":"2024-06-06T07:42:30","slug":"recull-dimatges-dels-ambients","status":"publish","type":"post","link":"https:\/\/agora.xtec.cat\/escolapacocandel\/portada\/recull-dimatges-dels-ambients\/","title":{"rendered":"Recull d&#8217;imatges dels ambients"},"content":{"rendered":"<p><b>De qu\u00e8 parlem quan parlem d\u2019ambients d\u2019aprenentatge a l\u2019escola?<\/b><\/p>\n<p><span style=\"font-weight: 400;\">Els ambients a l\u2019escola s\u00f3n un temps diari i quotidi\u00e0, s\u00f3n uns materials amb els quals experimentar, s\u00f3n interaccions i intercanvis entre infants de diferents edats. S\u00f3n mestres i educadors, adults que acompanyen\u2026<\/span><\/p>\n<p><span style=\"font-weight: 400;\">En el temps d\u2019ambients, les nenes i els nens poden <\/span><span style=\"font-weight: 400;\">triar en funci\u00f3 dels seus interessos o necessitats personals.<\/span><span style=\"font-weight: 400;\"> Per\u00f2 l\u2019inter\u00e8s personal conviu tamb\u00e9 amb les potencialitats de tot el grup que pot oferir quan es parla d\u2019aprenentatge. Els materials que s\u2019ofereixen esdevenen provocacions amb les quals manipular, experimentar, crear&#8230; per\u00f2 \u00e9s l\u2019intercanvi i en la relaci\u00f3 (amb el grup d\u2019iguals o amb l\u2019adult) on pot tenir lloc l\u2019aprenentatge i la transformaci\u00f3 dels coneixements.<\/span><\/p>\n<p><span style=\"font-weight: 400;\">El joc\u00a0\u00e9s font d\u2019aprenentatge, com l\u2019activitat natural de qualsevol infant. En aquest sentit, la manipulaci\u00f3 i la viv\u00e8ncia esdevenen aspectes essencials per tal de crear xarxes de coneixements.<\/span><\/p>\n<p>&nbsp;<\/p>\n<blockquote class=\"wp-embedded-content\" data-secret=\"qQuEVgxE64\"><p><a href=\"https:\/\/agora.xtec.cat\/escolapacocandel\/fotos-privat\/imatges-prom-2020-19-i-18-curs-23-24\/\">Protegit: Imatges dels ambients prom. 2020\/19 i 18. Curs 23\/24<\/a><\/p><\/blockquote>\n<p><iframe loading=\"lazy\" class=\"wp-embedded-content\" sandbox=\"allow-scripts\" security=\"restricted\" style=\"position: absolute; clip: rect(1px, 1px, 1px, 1px);\" title=\"&#8220;Protegit: Imatges dels ambients prom. 2020\/19 i 18. Curs 23\/24&#8221; &#8212; Escola Paco Candel\" src=\"https:\/\/agora.xtec.cat\/escolapacocandel\/fotos-privat\/imatges-prom-2020-19-i-18-curs-23-24\/embed\/#?secret=4opIqHYIYS#?secret=qQuEVgxE64\" data-secret=\"qQuEVgxE64\" width=\"500\" height=\"282\" frameborder=\"0\" marginwidth=\"0\" marginheight=\"0\" scrolling=\"no\"><\/iframe><\/p>\n","protected":false},"excerpt":{"rendered":"<p>De qu\u00e8 parlem quan parlem d\u2019ambients d\u2019aprenentatge a l\u2019escola?<br \/>\nEls ambients a l\u2019escola s\u00f3n un temps diari i quotidi\u00e0, s\u00f3n uns materials amb els quals experimentar, s\u00f3n interaccions i intercanvis entre infants de diferents edats. S\u00f3n mestres i educadors, adults que acompanyen\u2026<br \/>\nEn el temps d\u2019ambients, les&hellip;  <a href=\"https:\/\/agora.xtec.cat\/escolapacocandel\/portada\/recull-dimatges-dels-ambients\/\" title=\"Read Recull d&#8217;imatges dels ambients\">Llegeix m\u00e9s\u00bb<\/a><\/p>\n","protected":false},"author":12,"featured_media":0,"comment_status":"open","ping_status":"closed","sticky":false,"template":"","format":"standard","meta":{"_bbp_topic_count":0,"_bbp_reply_count":0,"_bbp_total_topic_count":0,"_bbp_total_reply_count":0,"_bbp_voice_count":0,"_bbp_anonymous_reply_count":0,"_bbp_topic_count_hidden":0,"_bbp_reply_count_hidden":0,"_bbp_forum_subforum_count":0,"footnotes":""},"categories":[182,183,196,128,4],"tags":[],"class_list":["post-9323","post","type-post","status-publish","format-standard","hentry","category-3-anys","category-4-anys","category-5-anys","category-comunitat-de-petits","category-portada"],"post_mailing_queue_ids":[],"_links":{"self":[{"href":"https:\/\/agora.xtec.cat\/escolapacocandel\/wp-json\/wp\/v2\/posts\/9323","targetHints":{"allow":["GET"]}}],"collection":[{"href":"https:\/\/agora.xtec.cat\/escolapacocandel\/wp-json\/wp\/v2\/posts"}],"about":[{"href":"https:\/\/agora.xtec.cat\/escolapacocandel\/wp-json\/wp\/v2\/types\/post"}],"author":[{"embeddable":true,"href":"https:\/\/agora.xtec.cat\/escolapacocandel\/wp-json\/wp\/v2\/users\/12"}],"replies":[{"embeddable":true,"href":"https:\/\/agora.xtec.cat\/escolapacocandel\/wp-json\/wp\/v2\/comments?post=9323"}],"version-history":[{"count":4,"href":"https:\/\/agora.xtec.cat\/escolapacocandel\/wp-json\/wp\/v2\/posts\/9323\/revisions"}],"predecessor-version":[{"id":9330,"href":"https:\/\/agora.xtec.cat\/escolapacocandel\/wp-json\/wp\/v2\/posts\/9323\/revisions\/9330"}],"wp:attachment":[{"href":"https:\/\/agora.xtec.cat\/escolapacocandel\/wp-json\/wp\/v2\/media?parent=9323"}],"wp:term":[{"taxonomy":"category","embeddable":true,"href":"https:\/\/agora.xtec.cat\/escolapacocandel\/wp-json\/wp\/v2\/categories?post=9323"},{"taxonomy":"post_tag","embeddable":true,"href":"https:\/\/agora.xtec.cat\/escolapacocandel\/wp-json\/wp\/v2\/tags?post=9323"}],"curies":[{"name":"wp","href":"https:\/\/api.w.org\/{rel}","templated":true}]}}