{"id":9304,"date":"2024-06-06T13:49:15","date_gmt":"2024-06-06T11:49:15","guid":{"rendered":"https:\/\/agora.xtec.cat\/escolapacocandel\/?p=9304"},"modified":"2024-06-06T13:50:04","modified_gmt":"2024-06-06T11:50:04","slug":"tallers-families-curs-23-24","status":"publish","type":"post","link":"https:\/\/agora.xtec.cat\/escolapacocandel\/comunitat-de-petits\/tallers-families-curs-23-24\/","title":{"rendered":"TALLERS FAM\u00cdLIES curs 23-24"},"content":{"rendered":"<p>A l&#8217;escola Paco Candel, les fam\u00edlies s\u00f3n una part important de la comunitat, \u00e9s per aquest motiu, que les portes sempre estan obertes, organitzant propostes amb els infants, portes obertes pels m\u00e9s grans, entrades relaxades&#8230; Una de les propostes a finals de juny, s\u00f3n els talles de fam\u00edlies on infants i adults gaudeixen d&#8217;un dia d&#8217;estar junts, compartint una estona de joc.<\/p>\n<p>Enguany, durant els tallers, les fam\u00edlies han aportat una gran diversitat de coneixements i habilitats, oferint manualitats molt variades i interessants. Es van realitzar tallers de tota mena, on els infants van poder aprendre i gaudir d&#8217;ampolles de sab\u00f3, clauers de botons, experimentar amb sorra i molts altres tallers.<\/p>\n<p>La participaci\u00f3 activa de les fam\u00edlies no nom\u00e9s va proporcionar una gran varietat de coneixements i experi\u00e8ncies, sin\u00f3 que tamb\u00e9 va refor\u00e7ar els vincles entre l&#8217;escola i la comunitat. Els infants es van mostrar molt motivats i contents de veure els seus pares i mares implicats en les activitats escolars.<\/p>\n<p>En definitiva, aquests tallers han estat una experi\u00e8ncia molt positiva que ha demostrat la import\u00e0ncia de la col\u00b7laboraci\u00f3 entre les fam\u00edlies i l&#8217;escola.<\/p>\n<p>Gr\u00e0cies fam\u00edlies per ser-hi i gaudir d&#8217;aquest dia amb els vostres fills i filles!<\/p>\n<p>Aqu\u00ed teniu un tastet dels diferents grups:<\/p>\n<p>I5:\u00a0<a href=\"https:\/\/agora.xtec.cat\/escolapacocandel\/fotos-privat\/tallers-families-i5\/\">https:\/\/agora.xtec.cat\/escolapacocandel\/fotos-privat\/tallers-families-i5\/<\/a><\/p>\n<p>I3:\u00a0<a href=\"https:\/\/agora.xtec.cat\/escolapacocandel\/fotos-privat\/taller-families-i3-fotos\/\">https:\/\/agora.xtec.cat\/escolapacocandel\/fotos-privat\/taller-families-i3-fotos\/<\/a><\/p>\n<p>I4:\u00a0<a href=\"https:\/\/agora.xtec.cat\/escolapacocandel\/fotos-privat\/tallers-families-i4\/\">https:\/\/agora.xtec.cat\/escolapacocandel\/fotos-privat\/tallers-families-i4\/<\/a><\/p>\n<p>&nbsp;<\/p>\n","protected":false},"excerpt":{"rendered":"<p>A l&#8217;escola Paco Candel, les fam\u00edlies s\u00f3n una part important de la comunitat, \u00e9s per aquest motiu, que les portes sempre estan obertes, organitzant propostes amb els infants, portes obertes pels m\u00e9s grans, entrades relaxades&#8230; Una de les propostes a finals de juny, s\u00f3n els&hellip;  <a href=\"https:\/\/agora.xtec.cat\/escolapacocandel\/comunitat-de-petits\/tallers-families-curs-23-24\/\" title=\"Read TALLERS FAM\u00cdLIES curs 23-24\">Llegeix m\u00e9s\u00bb<\/a><\/p>\n","protected":false},"author":1,"featured_media":9305,"comment_status":"open","ping_status":"closed","sticky":false,"template":"","format":"standard","meta":{"_bbp_topic_count":0,"_bbp_reply_count":0,"_bbp_total_topic_count":0,"_bbp_total_reply_count":0,"_bbp_voice_count":0,"_bbp_anonymous_reply_count":0,"_bbp_topic_count_hidden":0,"_bbp_reply_count_hidden":0,"_bbp_forum_subforum_count":0,"footnotes":""},"categories":[182,183,196,128],"tags":[],"class_list":["post-9304","post","type-post","status-publish","format-standard","has-post-thumbnail","hentry","category-3-anys","category-4-anys","category-5-anys","category-comunitat-de-petits"],"post_mailing_queue_ids":[],"_links":{"self":[{"href":"https:\/\/agora.xtec.cat\/escolapacocandel\/wp-json\/wp\/v2\/posts\/9304","targetHints":{"allow":["GET"]}}],"collection":[{"href":"https:\/\/agora.xtec.cat\/escolapacocandel\/wp-json\/wp\/v2\/posts"}],"about":[{"href":"https:\/\/agora.xtec.cat\/escolapacocandel\/wp-json\/wp\/v2\/types\/post"}],"author":[{"embeddable":true,"href":"https:\/\/agora.xtec.cat\/escolapacocandel\/wp-json\/wp\/v2\/users\/1"}],"replies":[{"embeddable":true,"href":"https:\/\/agora.xtec.cat\/escolapacocandel\/wp-json\/wp\/v2\/comments?post=9304"}],"version-history":[{"count":6,"href":"https:\/\/agora.xtec.cat\/escolapacocandel\/wp-json\/wp\/v2\/posts\/9304\/revisions"}],"predecessor-version":[{"id":9343,"href":"https:\/\/agora.xtec.cat\/escolapacocandel\/wp-json\/wp\/v2\/posts\/9304\/revisions\/9343"}],"wp:featuredmedia":[{"embeddable":true,"href":"https:\/\/agora.xtec.cat\/escolapacocandel\/wp-json\/wp\/v2\/media\/9305"}],"wp:attachment":[{"href":"https:\/\/agora.xtec.cat\/escolapacocandel\/wp-json\/wp\/v2\/media?parent=9304"}],"wp:term":[{"taxonomy":"category","embeddable":true,"href":"https:\/\/agora.xtec.cat\/escolapacocandel\/wp-json\/wp\/v2\/categories?post=9304"},{"taxonomy":"post_tag","embeddable":true,"href":"https:\/\/agora.xtec.cat\/escolapacocandel\/wp-json\/wp\/v2\/tags?post=9304"}],"curies":[{"name":"wp","href":"https:\/\/api.w.org\/{rel}","templated":true}]}}