{"id":9294,"date":"2024-06-04T09:10:20","date_gmt":"2024-06-04T07:10:20","guid":{"rendered":"https:\/\/agora.xtec.cat\/escolapacocandel\/?p=9294"},"modified":"2024-06-04T09:55:23","modified_gmt":"2024-06-04T07:55:23","slug":"reunio-final-de-curs-6e-2","status":"publish","type":"post","link":"https:\/\/agora.xtec.cat\/escolapacocandel\/comunitat-de-grans\/reunio-final-de-curs-6e-2\/","title":{"rendered":"Reuni\u00f3 final de curs 6\u00e8"},"content":{"rendered":"<p>A continuaci\u00f3 us deixem l&#8217;enlla\u00e7 amb la presentaci\u00f3 de la reuni\u00f3 de final de curs:<\/p>\n<p><a href=\"https:\/\/docs.google.com\/presentation\/d\/19GKNXHlXzNrU6tKY_gEznpUYVwwz4Vv7\/edit?usp=sharing&amp;ouid=107874355012699167031&amp;rtpof=true&amp;sd=true\">PRESENTACI\u00d3<\/a><\/p>\n<p>V\u00cdDEOS:<\/p>\n<blockquote class=\"wp-embedded-content\" data-secret=\"cHZZ1ArJD9\"><p><a href=\"https:\/\/agora.xtec.cat\/escolapacocandel\/fotos-privat\/videos-final-curs-6e\/\">Protegit: V\u00eddeos final curs 6\u00e8<\/a><\/p><\/blockquote>\n<p><iframe loading=\"lazy\" class=\"wp-embedded-content\" sandbox=\"allow-scripts\" security=\"restricted\" style=\"position: absolute; clip: rect(1px, 1px, 1px, 1px);\" title=\"&#8220;Protegit: V\u00eddeos final curs 6\u00e8&#8221; &#8212; Escola Paco Candel\" src=\"https:\/\/agora.xtec.cat\/escolapacocandel\/fotos-privat\/videos-final-curs-6e\/embed\/#?secret=laS3lAH0MD#?secret=cHZZ1ArJD9\" data-secret=\"cHZZ1ArJD9\" width=\"500\" height=\"282\" frameborder=\"0\" marginwidth=\"0\" marginheight=\"0\" scrolling=\"no\"><\/iframe><\/p>\n","protected":false},"excerpt":{"rendered":"<p>A continuaci\u00f3 us deixem l&#8217;enlla\u00e7 amb la presentaci\u00f3 de la reuni\u00f3 de final de curs:<br \/>\n<a href=\"https:\/\/docs.google.com\/presentation\/d\/19GKNXHlXzNrU6tKY_gEznpUYVwwz4Vv7\/edit?usp=sharing&amp;ouid=107874355012699167031&amp;rtpof=true&amp;sd=true\">PRESENTACI\u00d3<\/a><br \/>\nV\u00cdDEOS:<br \/>\n<a href=\"https:\/\/agora.xtec.cat\/escolapacocandel\/fotos-privat\/videos-final-curs-6e\/\">Protegit: V\u00eddeos final curs 6\u00e8<\/a><\/p>\n","protected":false},"author":21,"featured_media":9295,"comment_status":"open","ping_status":"closed","sticky":false,"template":"","format":"standard","meta":{"_bbp_topic_count":0,"_bbp_reply_count":0,"_bbp_total_topic_count":0,"_bbp_total_reply_count":0,"_bbp_voice_count":0,"_bbp_anonymous_reply_count":0,"_bbp_topic_count_hidden":0,"_bbp_reply_count_hidden":0,"_bbp_forum_subforum_count":0,"footnotes":""},"categories":[129,146],"tags":[],"class_list":["post-9294","post","type-post","status-publish","format-standard","has-post-thumbnail","hentry","category-comunitat-de-grans","category-6e"],"post_mailing_queue_ids":[],"_links":{"self":[{"href":"https:\/\/agora.xtec.cat\/escolapacocandel\/wp-json\/wp\/v2\/posts\/9294","targetHints":{"allow":["GET"]}}],"collection":[{"href":"https:\/\/agora.xtec.cat\/escolapacocandel\/wp-json\/wp\/v2\/posts"}],"about":[{"href":"https:\/\/agora.xtec.cat\/escolapacocandel\/wp-json\/wp\/v2\/types\/post"}],"author":[{"embeddable":true,"href":"https:\/\/agora.xtec.cat\/escolapacocandel\/wp-json\/wp\/v2\/users\/21"}],"replies":[{"embeddable":true,"href":"https:\/\/agora.xtec.cat\/escolapacocandel\/wp-json\/wp\/v2\/comments?post=9294"}],"version-history":[{"count":2,"href":"https:\/\/agora.xtec.cat\/escolapacocandel\/wp-json\/wp\/v2\/posts\/9294\/revisions"}],"predecessor-version":[{"id":9299,"href":"https:\/\/agora.xtec.cat\/escolapacocandel\/wp-json\/wp\/v2\/posts\/9294\/revisions\/9299"}],"wp:featuredmedia":[{"embeddable":true,"href":"https:\/\/agora.xtec.cat\/escolapacocandel\/wp-json\/wp\/v2\/media\/9295"}],"wp:attachment":[{"href":"https:\/\/agora.xtec.cat\/escolapacocandel\/wp-json\/wp\/v2\/media?parent=9294"}],"wp:term":[{"taxonomy":"category","embeddable":true,"href":"https:\/\/agora.xtec.cat\/escolapacocandel\/wp-json\/wp\/v2\/categories?post=9294"},{"taxonomy":"post_tag","embeddable":true,"href":"https:\/\/agora.xtec.cat\/escolapacocandel\/wp-json\/wp\/v2\/tags?post=9294"}],"curies":[{"name":"wp","href":"https:\/\/api.w.org\/{rel}","templated":true}]}}