{"id":9281,"date":"2024-06-03T12:02:50","date_gmt":"2024-06-03T10:02:50","guid":{"rendered":"https:\/\/agora.xtec.cat\/escolapacocandel\/?p=9281"},"modified":"2024-06-03T12:05:16","modified_gmt":"2024-06-03T10:05:16","slug":"colonies-6e-clar-del-bosc","status":"publish","type":"post","link":"https:\/\/agora.xtec.cat\/escolapacocandel\/comunitat-de-grans\/colonies-6e-clar-del-bosc\/","title":{"rendered":"Col\u00f2nies 6\u00e8: Clar del Bosc"},"content":{"rendered":"<p><span style=\"font-weight: 400;\">Aquest curs, l\u2019alumnat de sis\u00e8 de l&#8217;escola han gaudit d&#8217;unes col\u00f2nies inoblidables a Banyoles, una destinaci\u00f3 perfecta per tancar aquesta etapa educativa. Els dies han estat plens d&#8217;activitats emocionants i aventures, totes elles envoltades de l&#8217;espl\u00e8ndid entorn natural de Banyoles.<\/span><\/p>\n<p><span style=\"font-weight: 400;\">Durant l&#8217;estada, els infants han tingut l&#8217;oportunitat de practicar caiac i banyar-se al fam\u00f3s llac de Banyoles, una experi\u00e8ncia refrescant i divertida. Tamb\u00e9 han recorregut el per\u00edmetre del llac en bicicleta, gaudint de la bellesa del paisatge i l&#8217;aire lliure.<\/span><\/p>\n<p><span style=\"font-weight: 400;\">L&#8217;allotjament ha estat a la casa de col\u00f2nies Clar del Bosc, on hi ha hagut un munt d\u2019activitats. Des d&#8217;escalar al roc\u00f2drom i desafiar-se al bosc vertical fins a nedar a la piscina i practicar tir amb arc. Els nens i les nenes han tingut l&#8217;oportunitat de desenvolupar habilitats f\u00edsiques i cooperatives fent la gimcana llegend\u00e0ria.<\/span><\/p>\n<p><span style=\"font-weight: 400;\">Les nits han estat igualment emocionants, amb diversos jocs que han fomentat la cohesi\u00f3 de grup i, per acabar, una animada discoteca que ha fet ballar tothom.<\/span><\/p>\n<p><span style=\"font-weight: 400;\">Aquestes col\u00f2nies no nom\u00e9s han estat una experi\u00e8ncia plena de diversi\u00f3 i aventura, sin\u00f3 que tamb\u00e9 han perm\u00e8s als infants gaudir d&#8217;un entorn privilegiat envoltat de natura. Han creat records inesborrables al costat dels seus companys i companyes, un final perfecte per a la seva etapa a l&#8217;escola Paco Candel.<\/span><\/p>\n<p>A continuaci\u00f3 podeu veure les fotos i v\u00eddeos d&#8217;aquests dies:<\/p>\n<blockquote class=\"wp-embedded-content\" data-secret=\"iJArLfwkis\"><p><a href=\"https:\/\/agora.xtec.cat\/escolapacocandel\/fotos-privat\/fotos-colonies-6e-2\/\">Protegit: FOTOS COL\u00d2NIES 6\u00e8<\/a><\/p><\/blockquote>\n<p><iframe loading=\"lazy\" class=\"wp-embedded-content\" sandbox=\"allow-scripts\" security=\"restricted\" style=\"position: absolute; clip: rect(1px, 1px, 1px, 1px);\" title=\"&#8220;Protegit: FOTOS COL\u00d2NIES 6\u00e8&#8221; &#8212; Escola Paco Candel\" src=\"https:\/\/agora.xtec.cat\/escolapacocandel\/fotos-privat\/fotos-colonies-6e-2\/embed\/#?secret=9dGAotIZrB#?secret=iJArLfwkis\" data-secret=\"iJArLfwkis\" width=\"500\" height=\"282\" frameborder=\"0\" marginwidth=\"0\" marginheight=\"0\" scrolling=\"no\"><\/iframe><\/p>\n","protected":false},"excerpt":{"rendered":"<p>Aquest curs, l\u2019alumnat de sis\u00e8 de l&#8217;escola han gaudit d&#8217;unes col\u00f2nies inoblidables a Banyoles, una destinaci\u00f3 perfecta per tancar aquesta etapa educativa. Els dies han estat plens d&#8217;activitats emocionants i aventures, totes elles envoltades de l&#8217;espl\u00e8ndid entorn natural de Banyoles.<br \/>\nDurant l&#8217;estada, els infants han tingut&hellip;  <a href=\"https:\/\/agora.xtec.cat\/escolapacocandel\/comunitat-de-grans\/colonies-6e-clar-del-bosc\/\" title=\"Read Col\u00f2nies 6\u00e8: Clar del Bosc\">Llegeix m\u00e9s\u00bb<\/a><\/p>\n","protected":false},"author":21,"featured_media":9282,"comment_status":"open","ping_status":"closed","sticky":false,"template":"","format":"standard","meta":{"_bbp_topic_count":0,"_bbp_reply_count":0,"_bbp_total_topic_count":0,"_bbp_total_reply_count":0,"_bbp_voice_count":0,"_bbp_anonymous_reply_count":0,"_bbp_topic_count_hidden":0,"_bbp_reply_count_hidden":0,"_bbp_forum_subforum_count":0,"footnotes":""},"categories":[129,146],"tags":[],"class_list":["post-9281","post","type-post","status-publish","format-standard","has-post-thumbnail","hentry","category-comunitat-de-grans","category-6e"],"post_mailing_queue_ids":[],"_links":{"self":[{"href":"https:\/\/agora.xtec.cat\/escolapacocandel\/wp-json\/wp\/v2\/posts\/9281","targetHints":{"allow":["GET"]}}],"collection":[{"href":"https:\/\/agora.xtec.cat\/escolapacocandel\/wp-json\/wp\/v2\/posts"}],"about":[{"href":"https:\/\/agora.xtec.cat\/escolapacocandel\/wp-json\/wp\/v2\/types\/post"}],"author":[{"embeddable":true,"href":"https:\/\/agora.xtec.cat\/escolapacocandel\/wp-json\/wp\/v2\/users\/21"}],"replies":[{"embeddable":true,"href":"https:\/\/agora.xtec.cat\/escolapacocandel\/wp-json\/wp\/v2\/comments?post=9281"}],"version-history":[{"count":3,"href":"https:\/\/agora.xtec.cat\/escolapacocandel\/wp-json\/wp\/v2\/posts\/9281\/revisions"}],"predecessor-version":[{"id":9293,"href":"https:\/\/agora.xtec.cat\/escolapacocandel\/wp-json\/wp\/v2\/posts\/9281\/revisions\/9293"}],"wp:featuredmedia":[{"embeddable":true,"href":"https:\/\/agora.xtec.cat\/escolapacocandel\/wp-json\/wp\/v2\/media\/9282"}],"wp:attachment":[{"href":"https:\/\/agora.xtec.cat\/escolapacocandel\/wp-json\/wp\/v2\/media?parent=9281"}],"wp:term":[{"taxonomy":"category","embeddable":true,"href":"https:\/\/agora.xtec.cat\/escolapacocandel\/wp-json\/wp\/v2\/categories?post=9281"},{"taxonomy":"post_tag","embeddable":true,"href":"https:\/\/agora.xtec.cat\/escolapacocandel\/wp-json\/wp\/v2\/tags?post=9281"}],"curies":[{"name":"wp","href":"https:\/\/api.w.org\/{rel}","templated":true}]}}