{"id":9278,"date":"2024-05-29T18:46:17","date_gmt":"2024-05-29T16:46:17","guid":{"rendered":"https:\/\/agora.xtec.cat\/escolapacocandel\/?p=9278"},"modified":"2024-05-29T18:46:17","modified_gmt":"2024-05-29T16:46:17","slug":"obra-de-teatre-the-power-of-small-things","status":"publish","type":"post","link":"https:\/\/agora.xtec.cat\/escolapacocandel\/comunitat-de-grans\/obra-de-teatre-the-power-of-small-things\/","title":{"rendered":"Obra de teatre &#8220;The power of small things&#8221;"},"content":{"rendered":"<p>La classe de la tecnologia i els esportistes del P.C. han pujat a l&#8217;escenari del teatre Barrades per representar <em><strong>&#8220;The power of small things&#8221;<\/strong><\/em>. Aquesta obra ha estat preparada des de l&#8217;\u00e0rea de llengua anglesa al llarg de molts mesos. Aqu\u00ed teniu la carpeta de fotos i v\u00eddeos perqu\u00e8 gaudiu de la feina feta dels vostres fills i filles:<\/p>\n<blockquote class=\"wp-embedded-content\" data-secret=\"wINrd65mqS\"><p><a href=\"https:\/\/agora.xtec.cat\/escolapacocandel\/fotos-privat\/the-power-of-small-things\/\">Protegit: The power of small things<\/a><\/p><\/blockquote>\n<p><iframe loading=\"lazy\" class=\"wp-embedded-content\" sandbox=\"allow-scripts\" security=\"restricted\" style=\"position: absolute; clip: rect(1px, 1px, 1px, 1px);\" title=\"&#8220;Protegit: The power of small things&#8221; &#8212; Escola Paco Candel\" src=\"https:\/\/agora.xtec.cat\/escolapacocandel\/fotos-privat\/the-power-of-small-things\/embed\/#?secret=f0wS6N9gVf#?secret=wINrd65mqS\" data-secret=\"wINrd65mqS\" width=\"500\" height=\"282\" frameborder=\"0\" marginwidth=\"0\" marginheight=\"0\" scrolling=\"no\"><\/iframe><\/p>\n","protected":false},"excerpt":{"rendered":"<p>La classe de la tecnologia i els esportistes del P.C. han pujat a l&#8217;escenari del teatre Barrades per representar &#8220;The power of small things&#8221;. Aquesta obra ha estat preparada des de l&#8217;\u00e0rea de llengua anglesa al llarg de molts mesos. Aqu\u00ed teniu la carpeta de&hellip;  <a href=\"https:\/\/agora.xtec.cat\/escolapacocandel\/comunitat-de-grans\/obra-de-teatre-the-power-of-small-things\/\" title=\"Read Obra de teatre &#8220;The power of small things&#8221;\">Llegeix m\u00e9s\u00bb<\/a><\/p>\n","protected":false},"author":20,"featured_media":9279,"comment_status":"open","ping_status":"closed","sticky":false,"template":"","format":"standard","meta":{"_bbp_topic_count":0,"_bbp_reply_count":0,"_bbp_total_topic_count":0,"_bbp_total_reply_count":0,"_bbp_voice_count":0,"_bbp_anonymous_reply_count":0,"_bbp_topic_count_hidden":0,"_bbp_reply_count_hidden":0,"_bbp_forum_subforum_count":0,"footnotes":""},"categories":[144,129],"tags":[],"class_list":["post-9278","post","type-post","status-publish","format-standard","has-post-thumbnail","hentry","category-5e","category-comunitat-de-grans"],"post_mailing_queue_ids":[],"_links":{"self":[{"href":"https:\/\/agora.xtec.cat\/escolapacocandel\/wp-json\/wp\/v2\/posts\/9278","targetHints":{"allow":["GET"]}}],"collection":[{"href":"https:\/\/agora.xtec.cat\/escolapacocandel\/wp-json\/wp\/v2\/posts"}],"about":[{"href":"https:\/\/agora.xtec.cat\/escolapacocandel\/wp-json\/wp\/v2\/types\/post"}],"author":[{"embeddable":true,"href":"https:\/\/agora.xtec.cat\/escolapacocandel\/wp-json\/wp\/v2\/users\/20"}],"replies":[{"embeddable":true,"href":"https:\/\/agora.xtec.cat\/escolapacocandel\/wp-json\/wp\/v2\/comments?post=9278"}],"version-history":[{"count":1,"href":"https:\/\/agora.xtec.cat\/escolapacocandel\/wp-json\/wp\/v2\/posts\/9278\/revisions"}],"predecessor-version":[{"id":9280,"href":"https:\/\/agora.xtec.cat\/escolapacocandel\/wp-json\/wp\/v2\/posts\/9278\/revisions\/9280"}],"wp:featuredmedia":[{"embeddable":true,"href":"https:\/\/agora.xtec.cat\/escolapacocandel\/wp-json\/wp\/v2\/media\/9279"}],"wp:attachment":[{"href":"https:\/\/agora.xtec.cat\/escolapacocandel\/wp-json\/wp\/v2\/media?parent=9278"}],"wp:term":[{"taxonomy":"category","embeddable":true,"href":"https:\/\/agora.xtec.cat\/escolapacocandel\/wp-json\/wp\/v2\/categories?post=9278"},{"taxonomy":"post_tag","embeddable":true,"href":"https:\/\/agora.xtec.cat\/escolapacocandel\/wp-json\/wp\/v2\/tags?post=9278"}],"curies":[{"name":"wp","href":"https:\/\/api.w.org\/{rel}","templated":true}]}}