{"id":9271,"date":"2024-05-16T11:49:22","date_gmt":"2024-05-16T09:49:22","guid":{"rendered":"https:\/\/agora.xtec.cat\/escolapacocandel\/?p=9271"},"modified":"2024-05-16T11:49:22","modified_gmt":"2024-05-16T09:49:22","slug":"colonies-4t-a-hostalets-de-pierola","status":"publish","type":"post","link":"https:\/\/agora.xtec.cat\/escolapacocandel\/comunitat-de-grans\/4t\/colonies-4t-a-hostalets-de-pierola\/","title":{"rendered":"Col\u00f2nies 4t a Hostalets de Pierola"},"content":{"rendered":"<p>I ja les tenim aqu\u00ed, les esperades imatges de les col\u00f2nies per poder recordar-les sempre!<\/p>\n<p>Com oblidar aquests tres dies meravellosos on hem jugat, rigut, ballat, grimpat, explorat i fins i tot descansat eh!<\/p>\n<p>Aqu\u00ed veureu les activitats de gimcana, exploraci\u00f3 per la gruta de les Deus, la tirolina de 120\u202fm de llarg i la DISCO! On els infants de 4t van ballar donant tota la seva alegria i energia!<\/p>\n<p>La veritat \u00e9s que hem tornat encantats i encantades, no vol\u00edem tornar \ud83d\ude09<\/p>\n<p>Aix\u00ed que trobeu un moment en fam\u00edlia per poder reviure i compartir aquesta gran experi\u00e8ncia:<\/p>\n<blockquote class=\"wp-embedded-content\" data-secret=\"9eaUbrn85T\"><p><a href=\"https:\/\/agora.xtec.cat\/escolapacocandel\/fotos-privat\/fotos-colonies-4t-2014\/\">Protegit: Fotos col\u00f2nies 4t<\/a><\/p><\/blockquote>\n<p><iframe loading=\"lazy\" class=\"wp-embedded-content\" sandbox=\"allow-scripts\" security=\"restricted\" style=\"position: absolute; clip: rect(1px, 1px, 1px, 1px);\" title=\"&#8220;Protegit: Fotos col\u00f2nies 4t&#8221; &#8212; Escola Paco Candel\" src=\"https:\/\/agora.xtec.cat\/escolapacocandel\/fotos-privat\/fotos-colonies-4t-2014\/embed\/#?secret=YIYhRyZLG9#?secret=9eaUbrn85T\" data-secret=\"9eaUbrn85T\" width=\"500\" height=\"282\" frameborder=\"0\" marginwidth=\"0\" marginheight=\"0\" scrolling=\"no\"><\/iframe><\/p>\n","protected":false},"excerpt":{"rendered":"<p>I ja les tenim aqu\u00ed, les esperades imatges de les col\u00f2nies per poder recordar-les sempre!<br \/>\nCom oblidar aquests tres dies meravellosos on hem jugat, rigut, ballat, grimpat, explorat i fins i tot descansat eh!<br \/>\nAqu\u00ed veureu les activitats de gimcana, exploraci\u00f3 per la gruta de les Deus,&hellip;  <a href=\"https:\/\/agora.xtec.cat\/escolapacocandel\/comunitat-de-grans\/4t\/colonies-4t-a-hostalets-de-pierola\/\" title=\"Read Col\u00f2nies 4t a Hostalets de Pierola\">Llegeix m\u00e9s\u00bb<\/a><\/p>\n","protected":false},"author":27,"featured_media":9273,"comment_status":"open","ping_status":"closed","sticky":false,"template":"","format":"standard","meta":{"_bbp_topic_count":0,"_bbp_reply_count":0,"_bbp_total_topic_count":0,"_bbp_total_reply_count":0,"_bbp_voice_count":0,"_bbp_anonymous_reply_count":0,"_bbp_topic_count_hidden":0,"_bbp_reply_count_hidden":0,"_bbp_forum_subforum_count":0,"footnotes":""},"categories":[143],"tags":[125,202,207,203],"class_list":["post-9271","post","type-post","status-publish","format-standard","has-post-thumbnail","hentry","category-4t","tag-colonies","tag-comunitatdegrans","tag-creantmoments","tag-escolapacocandel"],"post_mailing_queue_ids":[],"_links":{"self":[{"href":"https:\/\/agora.xtec.cat\/escolapacocandel\/wp-json\/wp\/v2\/posts\/9271","targetHints":{"allow":["GET"]}}],"collection":[{"href":"https:\/\/agora.xtec.cat\/escolapacocandel\/wp-json\/wp\/v2\/posts"}],"about":[{"href":"https:\/\/agora.xtec.cat\/escolapacocandel\/wp-json\/wp\/v2\/types\/post"}],"author":[{"embeddable":true,"href":"https:\/\/agora.xtec.cat\/escolapacocandel\/wp-json\/wp\/v2\/users\/27"}],"replies":[{"embeddable":true,"href":"https:\/\/agora.xtec.cat\/escolapacocandel\/wp-json\/wp\/v2\/comments?post=9271"}],"version-history":[{"count":1,"href":"https:\/\/agora.xtec.cat\/escolapacocandel\/wp-json\/wp\/v2\/posts\/9271\/revisions"}],"predecessor-version":[{"id":9274,"href":"https:\/\/agora.xtec.cat\/escolapacocandel\/wp-json\/wp\/v2\/posts\/9271\/revisions\/9274"}],"wp:featuredmedia":[{"embeddable":true,"href":"https:\/\/agora.xtec.cat\/escolapacocandel\/wp-json\/wp\/v2\/media\/9273"}],"wp:attachment":[{"href":"https:\/\/agora.xtec.cat\/escolapacocandel\/wp-json\/wp\/v2\/media?parent=9271"}],"wp:term":[{"taxonomy":"category","embeddable":true,"href":"https:\/\/agora.xtec.cat\/escolapacocandel\/wp-json\/wp\/v2\/categories?post=9271"},{"taxonomy":"post_tag","embeddable":true,"href":"https:\/\/agora.xtec.cat\/escolapacocandel\/wp-json\/wp\/v2\/tags?post=9271"}],"curies":[{"name":"wp","href":"https:\/\/api.w.org\/{rel}","templated":true}]}}