{"id":9265,"date":"2024-05-15T12:56:46","date_gmt":"2024-05-15T10:56:46","guid":{"rendered":"https:\/\/agora.xtec.cat\/escolapacocandel\/?p=9265"},"modified":"2024-05-15T12:56:46","modified_gmt":"2024-05-15T10:56:46","slug":"colonies-i5-i-2n_curs-23-24-2","status":"publish","type":"post","link":"https:\/\/agora.xtec.cat\/escolapacocandel\/general\/colonies-i5-i-2n_curs-23-24-2\/","title":{"rendered":"Col\u00f2nies I5 i 2n_curs 23-24"},"content":{"rendered":"<p>Benvolgudes fam\u00edlies d&#8217;I5 i 2n.<\/p>\n<p>Ja hem tornat a la rutina, despr\u00e9s de dies plens de jocs, nits en companyia i moments molt especials com sabem que teniu moltes ganes de veure les fotos d&#8217;aquells dies, aqu\u00ed teniu el tastet!<\/p>\n<p>Les col\u00f2nies van comen\u00e7ar amb molta emoci\u00f3 per part dels infants, volien viure aquesta experi\u00e8ncia tan divertida que els d&#8217;I5 encara no hav\u00edem tingut l&#8217;oportunitat de viure.<\/p>\n<p>Ens ho vam passar d&#8217;all\u00f2 m\u00e9s b\u00e9 amb els monitors i monitores que ens havien preparat moltes activitats diferents, entorn els astronautes, tots i totes van fer equip per ajudar-los a tornar al seu planeta. Vivint aix\u00ed experi\u00e8ncies i an\u00e8cdotes enriquidores per al seu desenvolupament.<\/p>\n<p><a href=\"https:\/\/agora.xtec.cat\/escolapacocandel\/wp-content\/uploads\/usu332\/2024\/05\/foto-colonies.jpg\"><img loading=\"lazy\" decoding=\"async\" class=\"alignnone size-large wp-image-9267\" src=\"https:\/\/agora.xtec.cat\/escolapacocandel\/wp-content\/uploads\/usu332\/2024\/05\/foto-colonies-1024x455.jpg\" alt=\"\" width=\"1024\" height=\"455\" srcset=\"https:\/\/agora.xtec.cat\/escolapacocandel\/wp-content\/uploads\/usu332\/2024\/05\/foto-colonies-1024x455.jpg 1024w, https:\/\/agora.xtec.cat\/escolapacocandel\/wp-content\/uploads\/usu332\/2024\/05\/foto-colonies-300x133.jpg 300w, https:\/\/agora.xtec.cat\/escolapacocandel\/wp-content\/uploads\/usu332\/2024\/05\/foto-colonies-768x341.jpg 768w, https:\/\/agora.xtec.cat\/escolapacocandel\/wp-content\/uploads\/usu332\/2024\/05\/foto-colonies.jpg 1516w\" sizes=\"auto, (max-width: 1024px) 100vw, 1024px\" \/><\/a><\/p>\n<p>Un cop finalitzades les propostes, van tenir un tancament d&#8217;all\u00f2 m\u00e9s divertit&#8230; LA DISCO!<\/p>\n<p>Esperem que gaudiu de totes aquestes fotos i v\u00eddeos tant com hem gaudit nosaltres.<\/p>\n<p><a href=\"https:\/\/agora.xtec.cat\/escolapacocandel\/fotos-privat\/colonies-i5-i-2n_curs-23-24\/\">https:\/\/agora.xtec.cat\/escolapacocandel\/fotos-privat\/colonies-i5-i-2n_curs-23-24\/<\/a><\/p>\n","protected":false},"excerpt":{"rendered":"<p>Benvolgudes fam\u00edlies d&#8217;I5 i 2n.<br \/>\nJa hem tornat a la rutina, despr\u00e9s de dies plens de jocs, nits en companyia i moments molt especials com sabem que teniu moltes ganes de veure les fotos d&#8217;aquells dies, aqu\u00ed teniu el tastet!<br \/>\nLes col\u00f2nies van comen\u00e7ar amb molta emoci\u00f3&hellip;  <a href=\"https:\/\/agora.xtec.cat\/escolapacocandel\/general\/colonies-i5-i-2n_curs-23-24-2\/\" title=\"Read Col\u00f2nies I5 i 2n_curs 23-24\">Llegeix m\u00e9s\u00bb<\/a><\/p>\n","protected":false},"author":1,"featured_media":9266,"comment_status":"open","ping_status":"closed","sticky":false,"template":"","format":"standard","meta":{"_bbp_topic_count":0,"_bbp_reply_count":0,"_bbp_total_topic_count":0,"_bbp_total_reply_count":0,"_bbp_voice_count":0,"_bbp_anonymous_reply_count":0,"_bbp_topic_count_hidden":0,"_bbp_reply_count_hidden":0,"_bbp_forum_subforum_count":0,"footnotes":""},"categories":[196,1,137],"tags":[],"class_list":["post-9265","post","type-post","status-publish","format-standard","has-post-thumbnail","hentry","category-5-anys","category-general","category-2n"],"post_mailing_queue_ids":[],"_links":{"self":[{"href":"https:\/\/agora.xtec.cat\/escolapacocandel\/wp-json\/wp\/v2\/posts\/9265","targetHints":{"allow":["GET"]}}],"collection":[{"href":"https:\/\/agora.xtec.cat\/escolapacocandel\/wp-json\/wp\/v2\/posts"}],"about":[{"href":"https:\/\/agora.xtec.cat\/escolapacocandel\/wp-json\/wp\/v2\/types\/post"}],"author":[{"embeddable":true,"href":"https:\/\/agora.xtec.cat\/escolapacocandel\/wp-json\/wp\/v2\/users\/1"}],"replies":[{"embeddable":true,"href":"https:\/\/agora.xtec.cat\/escolapacocandel\/wp-json\/wp\/v2\/comments?post=9265"}],"version-history":[{"count":1,"href":"https:\/\/agora.xtec.cat\/escolapacocandel\/wp-json\/wp\/v2\/posts\/9265\/revisions"}],"predecessor-version":[{"id":9268,"href":"https:\/\/agora.xtec.cat\/escolapacocandel\/wp-json\/wp\/v2\/posts\/9265\/revisions\/9268"}],"wp:featuredmedia":[{"embeddable":true,"href":"https:\/\/agora.xtec.cat\/escolapacocandel\/wp-json\/wp\/v2\/media\/9266"}],"wp:attachment":[{"href":"https:\/\/agora.xtec.cat\/escolapacocandel\/wp-json\/wp\/v2\/media?parent=9265"}],"wp:term":[{"taxonomy":"category","embeddable":true,"href":"https:\/\/agora.xtec.cat\/escolapacocandel\/wp-json\/wp\/v2\/categories?post=9265"},{"taxonomy":"post_tag","embeddable":true,"href":"https:\/\/agora.xtec.cat\/escolapacocandel\/wp-json\/wp\/v2\/tags?post=9265"}],"curies":[{"name":"wp","href":"https:\/\/api.w.org\/{rel}","templated":true}]}}