{"id":9235,"date":"2024-04-30T15:38:00","date_gmt":"2024-04-30T13:38:00","guid":{"rendered":"https:\/\/agora.xtec.cat\/escolapacocandel\/?p=9235"},"modified":"2024-04-30T15:38:00","modified_gmt":"2024-04-30T13:38:00","slug":"can-santoi","status":"publish","type":"post","link":"https:\/\/agora.xtec.cat\/escolapacocandel\/comunitat-de-grans\/can-santoi\/","title":{"rendered":"CAN SANTOI"},"content":{"rendered":"<p>Hola videojocs i pastissers i pastisseres!<\/p>\n<p>Ara fa una setmana est\u00e0vem pujant per la muntanya, ho recordeu?<\/p>\n<p>Vam fer una sortida al camp d&#8217;aprenentatge de Can Santoi amb en Jairo i en Marc que ens van acompanyar per ser aut\u00e8ntics exploradors i exploradores! Amb aquesta sortida don\u00e0vem el tret de sortida al projecte del tercer trimestre: accidents geogr\u00e0fics!<\/p>\n<p>En aquest enlla\u00e7 podreu veure el post que ens han fet els companys de Can Santoi on expliquen tot el que vam viure:<\/p>\n<p><a href=\"https:\/\/serveiseducatius.xtec.cat\/cda-cansantoi\/general\/laventura-dels-pacocandelers-a-la-serra-de-collserola\/\" target=\"_blank\" rel=\"noopener\">ARTICLE CAN SANTOI<\/a><\/p>\n<p>I aqu\u00ed teniu les fotografies per recordar el moment viscut:<\/p>\n<blockquote class=\"wp-embedded-content\" data-secret=\"Nq293h8Mbc\"><p><a href=\"https:\/\/agora.xtec.cat\/escolapacocandel\/fotos-privat\/fotos-santoi\/\">Protegit: FOTOS SANTOI<\/a><\/p><\/blockquote>\n<p><iframe loading=\"lazy\" class=\"wp-embedded-content\" sandbox=\"allow-scripts\" security=\"restricted\" style=\"position: absolute; clip: rect(1px, 1px, 1px, 1px);\" title=\"&#8220;Protegit: FOTOS SANTOI&#8221; &#8212; Escola Paco Candel\" src=\"https:\/\/agora.xtec.cat\/escolapacocandel\/fotos-privat\/fotos-santoi\/embed\/#?secret=R8aqQMk5Ba#?secret=Nq293h8Mbc\" data-secret=\"Nq293h8Mbc\" width=\"500\" height=\"282\" frameborder=\"0\" marginwidth=\"0\" marginheight=\"0\" scrolling=\"no\"><\/iframe><\/p>\n","protected":false},"excerpt":{"rendered":"<p>Hola videojocs i pastissers i pastisseres!<br \/>\nAra fa una setmana est\u00e0vem pujant per la muntanya, ho recordeu?<br \/>\nVam fer una sortida al camp d&#8217;aprenentatge de Can Santoi amb en Jairo i en Marc que ens van acompanyar per ser aut\u00e8ntics exploradors i exploradores! Amb aquesta sortida don\u00e0vem&hellip;  <a href=\"https:\/\/agora.xtec.cat\/escolapacocandel\/comunitat-de-grans\/can-santoi\/\" title=\"Read CAN SANTOI\">Llegeix m\u00e9s\u00bb<\/a><\/p>\n","protected":false},"author":27,"featured_media":9236,"comment_status":"open","ping_status":"closed","sticky":false,"template":"","format":"standard","meta":{"_bbp_topic_count":0,"_bbp_reply_count":0,"_bbp_total_topic_count":0,"_bbp_total_reply_count":0,"_bbp_voice_count":0,"_bbp_anonymous_reply_count":0,"_bbp_topic_count_hidden":0,"_bbp_reply_count_hidden":0,"_bbp_forum_subforum_count":0,"footnotes":""},"categories":[129,143],"tags":[205],"class_list":["post-9235","post","type-post","status-publish","format-standard","has-post-thumbnail","hentry","category-comunitat-de-grans","category-4t","tag-comunitatdegrans-natura-cansantoi"],"post_mailing_queue_ids":[],"_links":{"self":[{"href":"https:\/\/agora.xtec.cat\/escolapacocandel\/wp-json\/wp\/v2\/posts\/9235","targetHints":{"allow":["GET"]}}],"collection":[{"href":"https:\/\/agora.xtec.cat\/escolapacocandel\/wp-json\/wp\/v2\/posts"}],"about":[{"href":"https:\/\/agora.xtec.cat\/escolapacocandel\/wp-json\/wp\/v2\/types\/post"}],"author":[{"embeddable":true,"href":"https:\/\/agora.xtec.cat\/escolapacocandel\/wp-json\/wp\/v2\/users\/27"}],"replies":[{"embeddable":true,"href":"https:\/\/agora.xtec.cat\/escolapacocandel\/wp-json\/wp\/v2\/comments?post=9235"}],"version-history":[{"count":1,"href":"https:\/\/agora.xtec.cat\/escolapacocandel\/wp-json\/wp\/v2\/posts\/9235\/revisions"}],"predecessor-version":[{"id":9242,"href":"https:\/\/agora.xtec.cat\/escolapacocandel\/wp-json\/wp\/v2\/posts\/9235\/revisions\/9242"}],"wp:featuredmedia":[{"embeddable":true,"href":"https:\/\/agora.xtec.cat\/escolapacocandel\/wp-json\/wp\/v2\/media\/9236"}],"wp:attachment":[{"href":"https:\/\/agora.xtec.cat\/escolapacocandel\/wp-json\/wp\/v2\/media?parent=9235"}],"wp:term":[{"taxonomy":"category","embeddable":true,"href":"https:\/\/agora.xtec.cat\/escolapacocandel\/wp-json\/wp\/v2\/categories?post=9235"},{"taxonomy":"post_tag","embeddable":true,"href":"https:\/\/agora.xtec.cat\/escolapacocandel\/wp-json\/wp\/v2\/tags?post=9235"}],"curies":[{"name":"wp","href":"https:\/\/api.w.org\/{rel}","templated":true}]}}