{"id":9220,"date":"2024-04-17T14:03:03","date_gmt":"2024-04-17T12:03:03","guid":{"rendered":"https:\/\/agora.xtec.cat\/escolapacocandel\/?p=9220"},"modified":"2024-04-17T14:04:36","modified_gmt":"2024-04-17T12:04:36","slug":"projecte-nutrialimentacio-de-4t","status":"publish","type":"post","link":"https:\/\/agora.xtec.cat\/escolapacocandel\/general\/projecte-nutrialimentacio-de-4t\/","title":{"rendered":"PROJECTE NUTRIALIMENTACI\u00d3 DE 4t"},"content":{"rendered":"<p>Al llarg del segon trimestre l&#8217;alumnat de 4t ha estat treballant de valent en el projecte que vam anomenar: NUTRIALIMENTACI\u00d3<\/p>\n<p>Compartim amb vosaltres els detalls d&#8217;aquest emocionant viatge a trav\u00e9s del m\u00f3n de la nutrici\u00f3, un viatge que ha estat tant educatiu com delici\u00f3s! Els estudiants de 4tA i 4tB han estat immersos en un projecte que els ha perm\u00e8s explorar els secrets d&#8217;una alimentaci\u00f3 saludable i descobrir el valor de les bones eleccions aliment\u00e0ries.<\/p>\n<p>Els nostres infants han apr\u00e8s a identificar els nutrients clau en els aliments, a comprendre la import\u00e0ncia d&#8217;una dieta equilibrada i a recon\u00e8ixer la relaci\u00f3 entre una alimentaci\u00f3 saludable i el benestar general. Hem vist com s&#8217;han emocionat en descobrir els beneficis d&#8217;una dieta rica en fruits i verdures fresques, i com han mostrat un inter\u00e8s renovat en tastar noves receptes i aliments nutritius tot convidant a les fam\u00edlies al nostre propi: MASTERXEF!<\/p>\n<p>Una part destacada del nostre projecte ha estat la visita al MERCABARNA, on els nens i nenes van tenir l&#8217;oportunitat de con\u00e8ixer als venedors, aprendre sobre els aliments de temporada i fins i tot tastar alguns ingredients fent un tast a cegues dels diferents sabors que podem trobar a la nostra gastronomia: dol\u00e7, \u00e0cid&#8230;,\u00a0 Ha estat un moment m\u00e0gic veure com es movien per aquest gran centre com \u00e9s el MERCABARNA i compart\u00edem al final un \u00e0pat conjunt amb una amanida ben fresca i una maced\u00f2nia ben dol\u00e7a!<\/p>\n<p>Un dels aspectes m\u00e9s interessants del nostre projecte va ser la comparaci\u00f3 entre el Plat de Harvard i la Pir\u00e0mide de NAOS com a guies per a una alimentaci\u00f3 saludable. Descobrir que el Plat de Harvard proporciona una estructura m\u00e9s intu\u00eftiva i equilibrada per a les nostres eleccions aliment\u00e0ries ens va obrir els ulls a una manera diferent de veure la nostra dieta quotidiana. A m\u00e9s, durant el projecte, tamb\u00e9 vam explorar les intoler\u00e0ncies aliment\u00e0ries i les malalties relacionades amb l&#8217;alimentaci\u00f3.<\/p>\n<p>D&#8217;altra banda, ens vam endinsar en el m\u00f3n pr\u00e0ctic analitzant etiquetes de menjar. Aquesta activitat ens va permetre comprendre millor els ingredients dels aliments que consumim i fer eleccions m\u00e9s informades sobre el que posem al nostre cos. Aprendre a interpretar les etiquetes ens ha capacitat per identificar millor els nutrients essencials i saber quins ingredients poden ser perjudicials per a la nostra salut.<\/p>\n<p>No podr\u00edem oblidar la import\u00e0ncia de mantenir-nos ben hidratats! Hem apr\u00e8s sobre la quantitat d&#8217;aigua que el nostre cos necessita per funcionar de manera \u00f2ptima i com aquest simple h\u00e0bit pot tenir un impacte enormement positiu en la nostra salut i el nostre benestar en general.<\/p>\n<p>Gr\u00e0cies per acompanyar-nos en aquest incre\u00efble viatge de descoberta i aprenentatge.<\/p>\n<blockquote class=\"wp-embedded-content\" data-secret=\"0xnYPtmAla\"><p><a href=\"https:\/\/agora.xtec.cat\/escolapacocandel\/fotos-privat\/fotos-nutrialimentacio-4t\/\">Protegit: FOTOS NUTRIALIMENTACI\u00d3 4t<\/a><\/p><\/blockquote>\n<p><iframe loading=\"lazy\" class=\"wp-embedded-content\" sandbox=\"allow-scripts\" security=\"restricted\" style=\"position: absolute; clip: rect(1px, 1px, 1px, 1px);\" title=\"&#8220;Protegit: FOTOS NUTRIALIMENTACI\u00d3 4t&#8221; &#8212; Escola Paco Candel\" src=\"https:\/\/agora.xtec.cat\/escolapacocandel\/fotos-privat\/fotos-nutrialimentacio-4t\/embed\/#?secret=s9rNySk3hc#?secret=0xnYPtmAla\" data-secret=\"0xnYPtmAla\" width=\"500\" height=\"282\" frameborder=\"0\" marginwidth=\"0\" marginheight=\"0\" scrolling=\"no\"><\/iframe><\/p>\n<p>&nbsp;<\/p>\n","protected":false},"excerpt":{"rendered":"<p>Al llarg del segon trimestre l&#8217;alumnat de 4t ha estat treballant de valent en el projecte que vam anomenar: NUTRIALIMENTACI\u00d3<br \/>\nCompartim amb vosaltres els detalls d&#8217;aquest emocionant viatge a trav\u00e9s del m\u00f3n de la nutrici\u00f3, un viatge que ha estat tant educatiu com delici\u00f3s! Els estudiants&hellip;  <a href=\"https:\/\/agora.xtec.cat\/escolapacocandel\/general\/projecte-nutrialimentacio-de-4t\/\" title=\"Read PROJECTE NUTRIALIMENTACI\u00d3 DE 4t\">Llegeix m\u00e9s\u00bb<\/a><\/p>\n","protected":false},"author":27,"featured_media":9225,"comment_status":"open","ping_status":"closed","sticky":false,"template":"","format":"standard","meta":{"_bbp_topic_count":0,"_bbp_reply_count":0,"_bbp_total_topic_count":0,"_bbp_total_reply_count":0,"_bbp_voice_count":0,"_bbp_anonymous_reply_count":0,"_bbp_topic_count_hidden":0,"_bbp_reply_count_hidden":0,"_bbp_forum_subforum_count":0,"footnotes":""},"categories":[129,1,143],"tags":[],"class_list":["post-9220","post","type-post","status-publish","format-standard","has-post-thumbnail","hentry","category-comunitat-de-grans","category-general","category-4t"],"post_mailing_queue_ids":[],"_links":{"self":[{"href":"https:\/\/agora.xtec.cat\/escolapacocandel\/wp-json\/wp\/v2\/posts\/9220","targetHints":{"allow":["GET"]}}],"collection":[{"href":"https:\/\/agora.xtec.cat\/escolapacocandel\/wp-json\/wp\/v2\/posts"}],"about":[{"href":"https:\/\/agora.xtec.cat\/escolapacocandel\/wp-json\/wp\/v2\/types\/post"}],"author":[{"embeddable":true,"href":"https:\/\/agora.xtec.cat\/escolapacocandel\/wp-json\/wp\/v2\/users\/27"}],"replies":[{"embeddable":true,"href":"https:\/\/agora.xtec.cat\/escolapacocandel\/wp-json\/wp\/v2\/comments?post=9220"}],"version-history":[{"count":2,"href":"https:\/\/agora.xtec.cat\/escolapacocandel\/wp-json\/wp\/v2\/posts\/9220\/revisions"}],"predecessor-version":[{"id":9226,"href":"https:\/\/agora.xtec.cat\/escolapacocandel\/wp-json\/wp\/v2\/posts\/9220\/revisions\/9226"}],"wp:featuredmedia":[{"embeddable":true,"href":"https:\/\/agora.xtec.cat\/escolapacocandel\/wp-json\/wp\/v2\/media\/9225"}],"wp:attachment":[{"href":"https:\/\/agora.xtec.cat\/escolapacocandel\/wp-json\/wp\/v2\/media?parent=9220"}],"wp:term":[{"taxonomy":"category","embeddable":true,"href":"https:\/\/agora.xtec.cat\/escolapacocandel\/wp-json\/wp\/v2\/categories?post=9220"},{"taxonomy":"post_tag","embeddable":true,"href":"https:\/\/agora.xtec.cat\/escolapacocandel\/wp-json\/wp\/v2\/tags?post=9220"}],"curies":[{"name":"wp","href":"https:\/\/api.w.org\/{rel}","templated":true}]}}