{"id":9200,"date":"2024-03-21T11:56:37","date_gmt":"2024-03-21T10:56:37","guid":{"rendered":"https:\/\/agora.xtec.cat\/escolapacocandel\/?p=9200"},"modified":"2024-03-21T11:56:37","modified_gmt":"2024-03-21T10:56:37","slug":"5e-posem-nos-el-cap-per-avall","status":"publish","type":"post","link":"https:\/\/agora.xtec.cat\/escolapacocandel\/comunitat-de-grans\/5e-posem-nos-el-cap-per-avall\/","title":{"rendered":"5\u00e8 Posem-nos el cap per avall"},"content":{"rendered":"<p>Aquesta setmana, els infants de 5\u00e8 han fet una sortida d\u2019Educaci\u00f3 F\u00edsica relacionada amb la Gimn\u00e0stica esportiva, al poliesportiu del Gornal. Els nens i nenes de la classe de la Tecnologia i els Esportistes del P.C. van gaudir d\u2019una experi\u00e8ncia molt enriquidora, de la m\u00e0 de professionals d\u2019aquest esport i utilitzant unes instal\u00b7lacions meravelloses que actualment estan destinades a la preparaci\u00f3 d\u2019atletes d\u2019elit.<\/p>\n<p>Vam poder experimentar amb diferents aparells, realitzant diversitat d\u2019exercicis i propostes adequades a les nostres capacitats i possibilitats. Els infants van fer salts i piruetes dins d\u2019un entorn adient per aquest tipus de pr\u00e0ctica.<\/p>\n<p>Vam poder comprovar que dins del grup hi ha nenes i nens amb un gran potencial per la gimn\u00e0stica esportiva. Us deixem un petit tast de qu\u00e8 vam fer durant l\u2019activitat.<\/p>\n<blockquote class=\"wp-embedded-content\" data-secret=\"BUe8E3oJq4\"><p><a href=\"https:\/\/agora.xtec.cat\/escolapacocandel\/fotos-privat\/5e-cap-per-avall\/\">Protegit: 5\u00e8 Cap per avall<\/a><\/p><\/blockquote>\n<p><iframe loading=\"lazy\" class=\"wp-embedded-content\" sandbox=\"allow-scripts\" security=\"restricted\" style=\"position: absolute; clip: rect(1px, 1px, 1px, 1px);\" title=\"&#8220;Protegit: 5\u00e8 Cap per avall&#8221; &#8212; Escola Paco Candel\" src=\"https:\/\/agora.xtec.cat\/escolapacocandel\/fotos-privat\/5e-cap-per-avall\/embed\/#?secret=D385Lj4RSY#?secret=BUe8E3oJq4\" data-secret=\"BUe8E3oJq4\" width=\"500\" height=\"282\" frameborder=\"0\" marginwidth=\"0\" marginheight=\"0\" scrolling=\"no\"><\/iframe><\/p>\n","protected":false},"excerpt":{"rendered":"<p>Aquesta setmana, els infants de 5\u00e8 han fet una sortida d\u2019Educaci\u00f3 F\u00edsica relacionada amb la Gimn\u00e0stica esportiva, al poliesportiu del Gornal. Els nens i nenes de la classe de la Tecnologia i els Esportistes del P.C. van gaudir d\u2019una experi\u00e8ncia molt enriquidora, de la m\u00e0&hellip;  <a href=\"https:\/\/agora.xtec.cat\/escolapacocandel\/comunitat-de-grans\/5e-posem-nos-el-cap-per-avall\/\" title=\"Read 5\u00e8 Posem-nos el cap per avall\">Llegeix m\u00e9s\u00bb<\/a><\/p>\n","protected":false},"author":20,"featured_media":9201,"comment_status":"open","ping_status":"closed","sticky":false,"template":"","format":"standard","meta":{"_bbp_topic_count":0,"_bbp_reply_count":0,"_bbp_total_topic_count":0,"_bbp_total_reply_count":0,"_bbp_voice_count":0,"_bbp_anonymous_reply_count":0,"_bbp_topic_count_hidden":0,"_bbp_reply_count_hidden":0,"_bbp_forum_subforum_count":0,"footnotes":""},"categories":[144,129],"tags":[],"class_list":["post-9200","post","type-post","status-publish","format-standard","has-post-thumbnail","hentry","category-5e","category-comunitat-de-grans"],"post_mailing_queue_ids":[],"_links":{"self":[{"href":"https:\/\/agora.xtec.cat\/escolapacocandel\/wp-json\/wp\/v2\/posts\/9200","targetHints":{"allow":["GET"]}}],"collection":[{"href":"https:\/\/agora.xtec.cat\/escolapacocandel\/wp-json\/wp\/v2\/posts"}],"about":[{"href":"https:\/\/agora.xtec.cat\/escolapacocandel\/wp-json\/wp\/v2\/types\/post"}],"author":[{"embeddable":true,"href":"https:\/\/agora.xtec.cat\/escolapacocandel\/wp-json\/wp\/v2\/users\/20"}],"replies":[{"embeddable":true,"href":"https:\/\/agora.xtec.cat\/escolapacocandel\/wp-json\/wp\/v2\/comments?post=9200"}],"version-history":[{"count":1,"href":"https:\/\/agora.xtec.cat\/escolapacocandel\/wp-json\/wp\/v2\/posts\/9200\/revisions"}],"predecessor-version":[{"id":9202,"href":"https:\/\/agora.xtec.cat\/escolapacocandel\/wp-json\/wp\/v2\/posts\/9200\/revisions\/9202"}],"wp:featuredmedia":[{"embeddable":true,"href":"https:\/\/agora.xtec.cat\/escolapacocandel\/wp-json\/wp\/v2\/media\/9201"}],"wp:attachment":[{"href":"https:\/\/agora.xtec.cat\/escolapacocandel\/wp-json\/wp\/v2\/media?parent=9200"}],"wp:term":[{"taxonomy":"category","embeddable":true,"href":"https:\/\/agora.xtec.cat\/escolapacocandel\/wp-json\/wp\/v2\/categories?post=9200"},{"taxonomy":"post_tag","embeddable":true,"href":"https:\/\/agora.xtec.cat\/escolapacocandel\/wp-json\/wp\/v2\/tags?post=9200"}],"curies":[{"name":"wp","href":"https:\/\/api.w.org\/{rel}","templated":true}]}}