{"id":9166,"date":"2024-03-19T10:58:44","date_gmt":"2024-03-19T09:58:44","guid":{"rendered":"https:\/\/agora.xtec.cat\/escolapacocandel\/?p=9166"},"modified":"2024-03-19T10:58:44","modified_gmt":"2024-03-19T09:58:44","slug":"projecte-sise-consum-responsable","status":"publish","type":"post","link":"https:\/\/agora.xtec.cat\/escolapacocandel\/comunitat-de-grans\/projecte-sise-consum-responsable\/","title":{"rendered":"Projecte sis\u00e8: Consum responsable"},"content":{"rendered":"<p>L\u2019alumnat de sis\u00e8 ha estat immers un emocionant projecte cap a la consci\u00e8ncia sobre el consum responsable aquest segon trimestre. Amb un enfocament integral i participatiu, els estudiants han explorat les dificultats del consum responsable des de diverses perspectives, mostrant un comprom\u00eds exemplar cap al medi ambient i la societat.<\/p>\n<p>Comen\u00e7ant amb la formaci\u00f3 d&#8217;equips de treball, els infants van definir rols i van establir un marc col\u00b7laboratiu per al seu treball. A partir d&#8217;aqu\u00ed, es va iniciar una pluja d&#8217;idees, permetent als nens i nenes expressar els seus interessos i preocupacions respecte a la tem\u00e0tica del consum responsable. Despr\u00e9s d&#8217;identificar els seus interessos, els infants van marcar objectius clars i concrets per al seu treball. Un dels aspectes m\u00e9s destacats del projecte va ser l&#8217;exploraci\u00f3 de les conseq\u00fc\u00e8ncies de no practicar un consum responsable. Mitjan\u00e7ant l&#8217;\u00fas de mapes mentals, els nens i nenes van visualitzar les ramificacions del consum irresponsable, especialment en termes de canvi clim\u00e0tic i altres impactes ecol\u00f2gics.<\/p>\n<p>A partir d&#8217;aqu\u00ed, els equips es van dividir per aprofundir en aspectes espec\u00edfics del consum responsable. Temes com el reciclatge, l&#8217;explotaci\u00f3 infantil, l&#8217;estalvi d&#8217;aigua, la reducci\u00f3 de pl\u00e0stics i l&#8217;estalvi d&#8217;energia van ser objecte d&#8217;an\u00e0lisi i acci\u00f3. A trav\u00e9s de projectes pr\u00e0ctics i investigacions, els infants van desenvolupar solucions innovadores per abordar aquests reptes.<\/p>\n<p>La culminaci\u00f3 del projecte va ser la creaci\u00f3 d&#8217;un producte final amb un impacte significatiu. A la classe de sis\u00e8 A, es van elaborar maquetes creatives per conscienciar sobre la import\u00e0ncia del consum responsable. D&#8217;altra banda, la classe de sis\u00e8 B va fabricar bosses de tela amb missatges inspiradors per fomentar la consci\u00e8ncia ambiental i la preservaci\u00f3 del nostre planeta.<\/p>\n<p>A m\u00e9s, el projecte tamb\u00e9 va integrar l&#8217;ensenyament d&#8217;angl\u00e8s. L\u2019alumnat va explorar el concepte d&#8217;ecologia i va comprendre com les seves accions influeixen en els ecosistemes. A m\u00e9s, van explorar el tema de l&#8217;alimentaci\u00f3 i els beneficis del consum de productes locals amb el concepte de km0.<\/p>\n<p>Finalment, les portes obertes van ser una oportunitat per mostrar a les fam\u00edlies tot el treball fet pels seus fills i filles durant aquest segon trimestre. Va ser una ocasi\u00f3 per a la comunitat escolar per compartir \u00e8xits, reflexionar sobre els aprenentatges i refor\u00e7ar el comprom\u00eds amb un futur m\u00e9s sostenible i conscient.<\/p>\n<blockquote class=\"wp-embedded-content\" data-secret=\"fJ3BKlOmyN\"><p><a href=\"https:\/\/agora.xtec.cat\/escolapacocandel\/fotos-privat\/fotos-presentacio-projecte\/\">Protegit: FOTOS PRESENTACI\u00d3 PROJECTE<\/a><\/p><\/blockquote>\n<p><iframe loading=\"lazy\" class=\"wp-embedded-content\" sandbox=\"allow-scripts\" security=\"restricted\" style=\"position: absolute; clip: rect(1px, 1px, 1px, 1px);\" title=\"&#8220;Protegit: FOTOS PRESENTACI\u00d3 PROJECTE&#8221; &#8212; Escola Paco Candel\" src=\"https:\/\/agora.xtec.cat\/escolapacocandel\/fotos-privat\/fotos-presentacio-projecte\/embed\/#?secret=N9P6hPErhr#?secret=fJ3BKlOmyN\" data-secret=\"fJ3BKlOmyN\" width=\"500\" height=\"282\" frameborder=\"0\" marginwidth=\"0\" marginheight=\"0\" scrolling=\"no\"><\/iframe><\/p>\n<p>&nbsp;<\/p>\n<p>&nbsp;<\/p>\n","protected":false},"excerpt":{"rendered":"<p>L\u2019alumnat de sis\u00e8 ha estat immers un emocionant projecte cap a la consci\u00e8ncia sobre el consum responsable aquest segon trimestre. Amb un enfocament integral i participatiu, els estudiants han explorat les dificultats del consum responsable des de diverses perspectives, mostrant un comprom\u00eds exemplar cap al&hellip;  <a href=\"https:\/\/agora.xtec.cat\/escolapacocandel\/comunitat-de-grans\/projecte-sise-consum-responsable\/\" title=\"Read Projecte sis\u00e8: Consum responsable\">Llegeix m\u00e9s\u00bb<\/a><\/p>\n","protected":false},"author":21,"featured_media":9167,"comment_status":"open","ping_status":"closed","sticky":false,"template":"","format":"standard","meta":{"_bbp_topic_count":0,"_bbp_reply_count":0,"_bbp_total_topic_count":0,"_bbp_total_reply_count":0,"_bbp_voice_count":0,"_bbp_anonymous_reply_count":0,"_bbp_topic_count_hidden":0,"_bbp_reply_count_hidden":0,"_bbp_forum_subforum_count":0,"footnotes":""},"categories":[129,146],"tags":[],"class_list":["post-9166","post","type-post","status-publish","format-standard","has-post-thumbnail","hentry","category-comunitat-de-grans","category-6e"],"post_mailing_queue_ids":[],"_links":{"self":[{"href":"https:\/\/agora.xtec.cat\/escolapacocandel\/wp-json\/wp\/v2\/posts\/9166","targetHints":{"allow":["GET"]}}],"collection":[{"href":"https:\/\/agora.xtec.cat\/escolapacocandel\/wp-json\/wp\/v2\/posts"}],"about":[{"href":"https:\/\/agora.xtec.cat\/escolapacocandel\/wp-json\/wp\/v2\/types\/post"}],"author":[{"embeddable":true,"href":"https:\/\/agora.xtec.cat\/escolapacocandel\/wp-json\/wp\/v2\/users\/21"}],"replies":[{"embeddable":true,"href":"https:\/\/agora.xtec.cat\/escolapacocandel\/wp-json\/wp\/v2\/comments?post=9166"}],"version-history":[{"count":1,"href":"https:\/\/agora.xtec.cat\/escolapacocandel\/wp-json\/wp\/v2\/posts\/9166\/revisions"}],"predecessor-version":[{"id":9168,"href":"https:\/\/agora.xtec.cat\/escolapacocandel\/wp-json\/wp\/v2\/posts\/9166\/revisions\/9168"}],"wp:featuredmedia":[{"embeddable":true,"href":"https:\/\/agora.xtec.cat\/escolapacocandel\/wp-json\/wp\/v2\/media\/9167"}],"wp:attachment":[{"href":"https:\/\/agora.xtec.cat\/escolapacocandel\/wp-json\/wp\/v2\/media?parent=9166"}],"wp:term":[{"taxonomy":"category","embeddable":true,"href":"https:\/\/agora.xtec.cat\/escolapacocandel\/wp-json\/wp\/v2\/categories?post=9166"},{"taxonomy":"post_tag","embeddable":true,"href":"https:\/\/agora.xtec.cat\/escolapacocandel\/wp-json\/wp\/v2\/tags?post=9166"}],"curies":[{"name":"wp","href":"https:\/\/api.w.org\/{rel}","templated":true}]}}