{"id":9139,"date":"2024-03-12T11:46:33","date_gmt":"2024-03-12T10:46:33","guid":{"rendered":"https:\/\/agora.xtec.cat\/escolapacocandel\/?p=9139"},"modified":"2024-03-12T11:46:33","modified_gmt":"2024-03-12T10:46:33","slug":"sortida-dels-infants-de-4-anys-a-aventura-park","status":"publish","type":"post","link":"https:\/\/agora.xtec.cat\/escolapacocandel\/comunitat-de-petits\/4-anys\/sortida-dels-infants-de-4-anys-a-aventura-park\/","title":{"rendered":"Sortida dels infants de 4 anys a Aventura Park"},"content":{"rendered":"<p>Els infants de 4 anys aquest me<a href=\"https:\/\/agora.xtec.cat\/escolapacocandel\/wp-content\/uploads\/usu332\/2024\/03\/DSC_3846-1024x678-1.jpg\"><img loading=\"lazy\" decoding=\"async\" class=\" wp-image-9140 alignleft\" src=\"https:\/\/agora.xtec.cat\/escolapacocandel\/wp-content\/uploads\/usu332\/2024\/03\/DSC_3846-1024x678-1.jpg\" alt=\"\" width=\"344\" height=\"228\" srcset=\"https:\/\/agora.xtec.cat\/escolapacocandel\/wp-content\/uploads\/usu332\/2024\/03\/DSC_3846-1024x678-1.jpg 1024w, https:\/\/agora.xtec.cat\/escolapacocandel\/wp-content\/uploads\/usu332\/2024\/03\/DSC_3846-1024x678-1-300x199.jpg 300w, https:\/\/agora.xtec.cat\/escolapacocandel\/wp-content\/uploads\/usu332\/2024\/03\/DSC_3846-1024x678-1-768x509.jpg 768w\" sizes=\"auto, (max-width: 344px) 100vw, 344px\" \/><\/a>s de mar\u00e7 han gaudit d&#8217;un dia de sol i aventura a la Granja Aventura Park de Viladecavalls visitant la granja amb animals, tirant-se per tirolines i fent circuits d&#8217;all\u00f2 m\u00e9s divertits. Una oportunitat de posar a prova el seu cos, amb equilibris, salts, rampes i al\u00e7ades en companyia dels altres.<\/p>\n<p>En aquest enlla\u00e7 podeu veure les fotografies d&#8217;aquest dia tant intens:<\/p>\n<blockquote class=\"wp-embedded-content\" data-secret=\"xE7GT65sBD\"><p><a href=\"https:\/\/agora.xtec.cat\/escolapacocandel\/fotos-privat\/fotos-sortida-aventura-park-4-anys\/\">Protegit: Fotos Sortida Aventura Park 4 anys<\/a><\/p><\/blockquote>\n<p><iframe loading=\"lazy\" class=\"wp-embedded-content\" sandbox=\"allow-scripts\" security=\"restricted\" style=\"position: absolute; clip: rect(1px, 1px, 1px, 1px);\" title=\"&#8220;Protegit: Fotos Sortida Aventura Park 4 anys&#8221; &#8212; Escola Paco Candel\" src=\"https:\/\/agora.xtec.cat\/escolapacocandel\/fotos-privat\/fotos-sortida-aventura-park-4-anys\/embed\/#?secret=lO1z9cXPCD#?secret=xE7GT65sBD\" data-secret=\"xE7GT65sBD\" width=\"500\" height=\"282\" frameborder=\"0\" marginwidth=\"0\" marginheight=\"0\" scrolling=\"no\"><\/iframe><\/p>\n","protected":false},"excerpt":{"rendered":"<p>Els infants de 4 anys aquest me<a href=\"https:\/\/agora.xtec.cat\/escolapacocandel\/wp-content\/uploads\/usu332\/2024\/03\/DSC_3846-1024x678-1.jpg\"><\/a>s de mar\u00e7 han gaudit d&#8217;un dia de sol i aventura a la Granja Aventura Park de Viladecavalls visitant la granja amb animals, tirant-se per tirolines i fent circuits d&#8217;all\u00f2 m\u00e9s divertits. Una oportunitat de posar a prova&hellip;  <a href=\"https:\/\/agora.xtec.cat\/escolapacocandel\/comunitat-de-petits\/4-anys\/sortida-dels-infants-de-4-anys-a-aventura-park\/\" title=\"Read Sortida dels infants de 4 anys a Aventura Park\">Llegeix m\u00e9s\u00bb<\/a><\/p>\n","protected":false},"author":5,"featured_media":9140,"comment_status":"open","ping_status":"closed","sticky":false,"template":"","format":"standard","meta":{"_bbp_topic_count":0,"_bbp_reply_count":0,"_bbp_total_topic_count":0,"_bbp_total_reply_count":0,"_bbp_voice_count":0,"_bbp_anonymous_reply_count":0,"_bbp_topic_count_hidden":0,"_bbp_reply_count_hidden":0,"_bbp_forum_subforum_count":0,"footnotes":""},"categories":[183],"tags":[],"class_list":["post-9139","post","type-post","status-publish","format-standard","has-post-thumbnail","hentry","category-4-anys"],"post_mailing_queue_ids":[],"_links":{"self":[{"href":"https:\/\/agora.xtec.cat\/escolapacocandel\/wp-json\/wp\/v2\/posts\/9139","targetHints":{"allow":["GET"]}}],"collection":[{"href":"https:\/\/agora.xtec.cat\/escolapacocandel\/wp-json\/wp\/v2\/posts"}],"about":[{"href":"https:\/\/agora.xtec.cat\/escolapacocandel\/wp-json\/wp\/v2\/types\/post"}],"author":[{"embeddable":true,"href":"https:\/\/agora.xtec.cat\/escolapacocandel\/wp-json\/wp\/v2\/users\/5"}],"replies":[{"embeddable":true,"href":"https:\/\/agora.xtec.cat\/escolapacocandel\/wp-json\/wp\/v2\/comments?post=9139"}],"version-history":[{"count":2,"href":"https:\/\/agora.xtec.cat\/escolapacocandel\/wp-json\/wp\/v2\/posts\/9139\/revisions"}],"predecessor-version":[{"id":9144,"href":"https:\/\/agora.xtec.cat\/escolapacocandel\/wp-json\/wp\/v2\/posts\/9139\/revisions\/9144"}],"wp:featuredmedia":[{"embeddable":true,"href":"https:\/\/agora.xtec.cat\/escolapacocandel\/wp-json\/wp\/v2\/media\/9140"}],"wp:attachment":[{"href":"https:\/\/agora.xtec.cat\/escolapacocandel\/wp-json\/wp\/v2\/media?parent=9139"}],"wp:term":[{"taxonomy":"category","embeddable":true,"href":"https:\/\/agora.xtec.cat\/escolapacocandel\/wp-json\/wp\/v2\/categories?post=9139"},{"taxonomy":"post_tag","embeddable":true,"href":"https:\/\/agora.xtec.cat\/escolapacocandel\/wp-json\/wp\/v2\/tags?post=9139"}],"curies":[{"name":"wp","href":"https:\/\/api.w.org\/{rel}","templated":true}]}}