{"id":9128,"date":"2024-03-12T10:06:36","date_gmt":"2024-03-12T09:06:36","guid":{"rendered":"https:\/\/agora.xtec.cat\/escolapacocandel\/?p=9128"},"modified":"2024-03-12T10:20:33","modified_gmt":"2024-03-12T09:20:33","slug":"taller-seer-a-primer-2","status":"publish","type":"post","link":"https:\/\/agora.xtec.cat\/escolapacocandel\/comunitat-de-mitjans\/taller-seer-a-primer-2\/","title":{"rendered":"Taller Seer a primer"},"content":{"rendered":"<p><span style=\"font-weight: 400;\">Aquest trimestre els infants de primer hem continuat el treball de les emocions al taller Seer amb l\u2019Olga. L\u2019objectiu \u00e9s anar prenent consci\u00e8ncia de les nostres emocions i poder transformar una emoci\u00f3 que ens provoca malestar en una emoci\u00f3 de benestar.\u00a0 En aquest<a href=\"https:\/\/agora.xtec.cat\/escolapacocandel\/wp-content\/uploads\/usu332\/2024\/03\/20240220_094530-scaled.jpg\"><img loading=\"lazy\" decoding=\"async\" class=\"wp-image-9129 alignright\" src=\"https:\/\/agora.xtec.cat\/escolapacocandel\/wp-content\/uploads\/usu332\/2024\/03\/20240220_094530-1024x768.jpg\" alt=\"\" width=\"227\" height=\"170\" srcset=\"https:\/\/agora.xtec.cat\/escolapacocandel\/wp-content\/uploads\/usu332\/2024\/03\/20240220_094530-1024x768.jpg 1024w, https:\/\/agora.xtec.cat\/escolapacocandel\/wp-content\/uploads\/usu332\/2024\/03\/20240220_094530-300x225.jpg 300w, https:\/\/agora.xtec.cat\/escolapacocandel\/wp-content\/uploads\/usu332\/2024\/03\/20240220_094530-768x576.jpg 768w, https:\/\/agora.xtec.cat\/escolapacocandel\/wp-content\/uploads\/usu332\/2024\/03\/20240220_094530-1536x1152.jpg 1536w, https:\/\/agora.xtec.cat\/escolapacocandel\/wp-content\/uploads\/usu332\/2024\/03\/20240220_094530-2048x1536.jpg 2048w, https:\/\/agora.xtec.cat\/escolapacocandel\/wp-content\/uploads\/usu332\/2024\/03\/20240220_094530-200x150.jpg 200w\" sizes=\"auto, (max-width: 227px) 100vw, 227px\" \/><\/a>a ocasi\u00f3 hem parlat sobre la tristesa i com podem transformar-la en alegria. Ens ha explicat el conte del mussol, que feia un te de ll\u00e0grimes per no guardar la seva tristesa.<\/span><\/p>\n<p><span style=\"font-weight: 400;\">Entre tots i totes hem fet el nostre te de ll\u00e0grimes, explicant les coses que ens feien sentir tristesa.\u00a0 <\/span><span style=\"font-weight: 400;\">Al final, hem pintat un paisatge que transmetia tristesa en un paisatge alegre afegint-hi color, dibuixant arbres, amics&#8230; Hem apr\u00e8s que la tristesa a vegades ens arriba i \u00e9s millor compartir-la que no pas guardar-la.<\/span><\/p>\n<blockquote class=\"wp-embedded-content\" data-secret=\"vTqG4LRRus\"><p><a href=\"https:\/\/agora.xtec.cat\/escolapacocandel\/general\/fotos-taller-seer-1ra\/\">Protegit: Fotos Taller Seer 1rA<\/a><\/p><\/blockquote>\n<p><iframe loading=\"lazy\" class=\"wp-embedded-content\" sandbox=\"allow-scripts\" security=\"restricted\" style=\"position: absolute; clip: rect(1px, 1px, 1px, 1px);\" title=\"&#8220;Protegit: Fotos Taller Seer 1rA&#8221; &#8212; Escola Paco Candel\" src=\"https:\/\/agora.xtec.cat\/escolapacocandel\/general\/fotos-taller-seer-1ra\/embed\/#?secret=Exv4cDqpRO#?secret=vTqG4LRRus\" data-secret=\"vTqG4LRRus\" width=\"500\" height=\"282\" frameborder=\"0\" marginwidth=\"0\" marginheight=\"0\" scrolling=\"no\"><\/iframe><\/p>\n<blockquote class=\"wp-embedded-content\" data-secret=\"Dkj9L4GMMt\"><p><a href=\"https:\/\/agora.xtec.cat\/escolapacocandel\/general\/fotos-taller-seer-1rb\/\">Protegit: Fotos Taller Seer 1rB<\/a><\/p><\/blockquote>\n<p><iframe loading=\"lazy\" class=\"wp-embedded-content\" sandbox=\"allow-scripts\" security=\"restricted\" style=\"position: absolute; clip: rect(1px, 1px, 1px, 1px);\" title=\"&#8220;Protegit: Fotos Taller Seer 1rB&#8221; &#8212; Escola Paco Candel\" src=\"https:\/\/agora.xtec.cat\/escolapacocandel\/general\/fotos-taller-seer-1rb\/embed\/#?secret=NeUkT5OTwN#?secret=Dkj9L4GMMt\" data-secret=\"Dkj9L4GMMt\" width=\"500\" height=\"282\" frameborder=\"0\" marginwidth=\"0\" marginheight=\"0\" scrolling=\"no\"><\/iframe><\/p>\n","protected":false},"excerpt":{"rendered":"<p>Aquest trimestre els infants de primer hem continuat el treball de les emocions al taller Seer amb l\u2019Olga. L\u2019objectiu \u00e9s anar prenent consci\u00e8ncia de les nostres emocions i poder transformar una emoci\u00f3 que ens provoca malestar en una emoci\u00f3 de benestar.\u00a0 En aquest<a href=\"https:\/\/agora.xtec.cat\/escolapacocandel\/wp-content\/uploads\/usu332\/2024\/03\/20240220_094530-scaled.jpg\"><\/a>a ocasi\u00f3&hellip;  <a href=\"https:\/\/agora.xtec.cat\/escolapacocandel\/comunitat-de-mitjans\/taller-seer-a-primer-2\/\" title=\"Read Taller Seer a primer\">Llegeix m\u00e9s\u00bb<\/a><\/p>\n","protected":false},"author":58,"featured_media":9129,"comment_status":"open","ping_status":"closed","sticky":false,"template":"","format":"standard","meta":{"_bbp_topic_count":0,"_bbp_reply_count":0,"_bbp_total_topic_count":0,"_bbp_total_reply_count":0,"_bbp_voice_count":0,"_bbp_anonymous_reply_count":0,"_bbp_topic_count_hidden":0,"_bbp_reply_count_hidden":0,"_bbp_forum_subforum_count":0,"footnotes":""},"categories":[127,140],"tags":[],"class_list":["post-9128","post","type-post","status-publish","format-standard","has-post-thumbnail","hentry","category-comunitat-de-mitjans","category-1r"],"post_mailing_queue_ids":[],"_links":{"self":[{"href":"https:\/\/agora.xtec.cat\/escolapacocandel\/wp-json\/wp\/v2\/posts\/9128","targetHints":{"allow":["GET"]}}],"collection":[{"href":"https:\/\/agora.xtec.cat\/escolapacocandel\/wp-json\/wp\/v2\/posts"}],"about":[{"href":"https:\/\/agora.xtec.cat\/escolapacocandel\/wp-json\/wp\/v2\/types\/post"}],"author":[{"embeddable":true,"href":"https:\/\/agora.xtec.cat\/escolapacocandel\/wp-json\/wp\/v2\/users\/58"}],"replies":[{"embeddable":true,"href":"https:\/\/agora.xtec.cat\/escolapacocandel\/wp-json\/wp\/v2\/comments?post=9128"}],"version-history":[{"count":6,"href":"https:\/\/agora.xtec.cat\/escolapacocandel\/wp-json\/wp\/v2\/posts\/9128\/revisions"}],"predecessor-version":[{"id":9138,"href":"https:\/\/agora.xtec.cat\/escolapacocandel\/wp-json\/wp\/v2\/posts\/9128\/revisions\/9138"}],"wp:featuredmedia":[{"embeddable":true,"href":"https:\/\/agora.xtec.cat\/escolapacocandel\/wp-json\/wp\/v2\/media\/9129"}],"wp:attachment":[{"href":"https:\/\/agora.xtec.cat\/escolapacocandel\/wp-json\/wp\/v2\/media?parent=9128"}],"wp:term":[{"taxonomy":"category","embeddable":true,"href":"https:\/\/agora.xtec.cat\/escolapacocandel\/wp-json\/wp\/v2\/categories?post=9128"},{"taxonomy":"post_tag","embeddable":true,"href":"https:\/\/agora.xtec.cat\/escolapacocandel\/wp-json\/wp\/v2\/tags?post=9128"}],"curies":[{"name":"wp","href":"https:\/\/api.w.org\/{rel}","templated":true}]}}