{"id":9097,"date":"2024-03-11T13:48:36","date_gmt":"2024-03-11T12:48:36","guid":{"rendered":"https:\/\/agora.xtec.cat\/escolapacocandel\/?p=9097"},"modified":"2024-03-11T13:48:36","modified_gmt":"2024-03-11T12:48:36","slug":"sortida-granja-navas-1r","status":"publish","type":"post","link":"https:\/\/agora.xtec.cat\/escolapacocandel\/comunitat-de-mitjans\/sortida-granja-navas-1r\/","title":{"rendered":"Sortida Granja Nav\u00e0s 1r"},"content":{"rendered":"<p>El passat dimecres 6 de mar\u00e7 els infants de 1r vam gaudir d&#8217;all\u00f2 m\u00e9s de la sortida a la Granja Nav\u00e0s.<\/p>\n<p>Una granja d&#8217;all\u00f2 m\u00e9s especial on hi podem trobar animals que han estat recuperats per diferents motius. Aix\u00f2 ens va permetre veure em\u00fas, daines, una guineu, un porc esp\u00ed afric\u00e0&#8230; i fins i tot diversos r\u00e8ptils.<a href=\"https:\/\/agora.xtec.cat\/escolapacocandel\/wp-content\/uploads\/usu332\/2024\/03\/foto-granja.jpg\"><img loading=\"lazy\" decoding=\"async\" class=\"alignright size-medium wp-image-9118\" src=\"https:\/\/agora.xtec.cat\/escolapacocandel\/wp-content\/uploads\/usu332\/2024\/03\/foto-granja-300x208.jpg\" alt=\"\" width=\"300\" height=\"208\" srcset=\"https:\/\/agora.xtec.cat\/escolapacocandel\/wp-content\/uploads\/usu332\/2024\/03\/foto-granja-300x208.jpg 300w, https:\/\/agora.xtec.cat\/escolapacocandel\/wp-content\/uploads\/usu332\/2024\/03\/foto-granja-1024x711.jpg 1024w, https:\/\/agora.xtec.cat\/escolapacocandel\/wp-content\/uploads\/usu332\/2024\/03\/foto-granja-768x533.jpg 768w, https:\/\/agora.xtec.cat\/escolapacocandel\/wp-content\/uploads\/usu332\/2024\/03\/foto-granja.jpg 1189w\" sizes=\"auto, (max-width: 300px) 100vw, 300px\" \/><\/a><\/p>\n<p>Despr\u00e9s vam dinar i jugar una mica per l&#8217;entorn.\u00a0 Una sortida perfecte per finalitzar el nostre projecte d&#8217;animals.<\/p>\n<blockquote class=\"wp-embedded-content\" data-secret=\"bEph4sEVDX\"><p><a href=\"https:\/\/agora.xtec.cat\/escolapacocandel\/general\/fotos-granja-1rb\/\">Protegit: Fotos Granja 1rB<\/a><\/p><\/blockquote>\n<p><iframe loading=\"lazy\" class=\"wp-embedded-content\" sandbox=\"allow-scripts\" security=\"restricted\" style=\"position: absolute; clip: rect(1px, 1px, 1px, 1px);\" title=\"&#8220;Protegit: Fotos Granja 1rB&#8221; &#8212; Escola Paco Candel\" src=\"https:\/\/agora.xtec.cat\/escolapacocandel\/general\/fotos-granja-1rb\/embed\/#?secret=tW0EinPYCm#?secret=bEph4sEVDX\" data-secret=\"bEph4sEVDX\" width=\"500\" height=\"282\" frameborder=\"0\" marginwidth=\"0\" marginheight=\"0\" scrolling=\"no\"><\/iframe><\/p>\n<blockquote class=\"wp-embedded-content\" data-secret=\"DdUzKuf9J3\"><p><a href=\"https:\/\/agora.xtec.cat\/escolapacocandel\/general\/fotos-granja-1ra\/\">Protegit: Fotos Granja 1rA<\/a><\/p><\/blockquote>\n<p><iframe loading=\"lazy\" class=\"wp-embedded-content\" sandbox=\"allow-scripts\" security=\"restricted\" style=\"position: absolute; clip: rect(1px, 1px, 1px, 1px);\" title=\"&#8220;Protegit: Fotos Granja 1rA&#8221; &#8212; Escola Paco Candel\" src=\"https:\/\/agora.xtec.cat\/escolapacocandel\/general\/fotos-granja-1ra\/embed\/#?secret=nart6xGkek#?secret=DdUzKuf9J3\" data-secret=\"DdUzKuf9J3\" width=\"500\" height=\"282\" frameborder=\"0\" marginwidth=\"0\" marginheight=\"0\" scrolling=\"no\"><\/iframe><\/p>\n","protected":false},"excerpt":{"rendered":"<p>El passat dimecres 6 de mar\u00e7 els infants de 1r vam gaudir d&#8217;all\u00f2 m\u00e9s de la sortida a la Granja Nav\u00e0s.<br \/>\nUna granja d&#8217;all\u00f2 m\u00e9s especial on hi podem trobar animals que han estat recuperats per diferents motius. Aix\u00f2 ens va permetre veure em\u00fas, daines, una&hellip;  <a href=\"https:\/\/agora.xtec.cat\/escolapacocandel\/comunitat-de-mitjans\/sortida-granja-navas-1r\/\" title=\"Read Sortida Granja Nav\u00e0s 1r\">Llegeix m\u00e9s\u00bb<\/a><\/p>\n","protected":false},"author":14,"featured_media":9118,"comment_status":"open","ping_status":"closed","sticky":false,"template":"","format":"standard","meta":{"_bbp_topic_count":0,"_bbp_reply_count":0,"_bbp_total_topic_count":0,"_bbp_total_reply_count":0,"_bbp_voice_count":0,"_bbp_anonymous_reply_count":0,"_bbp_topic_count_hidden":0,"_bbp_reply_count_hidden":0,"_bbp_forum_subforum_count":0,"footnotes":""},"categories":[127,140],"tags":[],"class_list":["post-9097","post","type-post","status-publish","format-standard","has-post-thumbnail","hentry","category-comunitat-de-mitjans","category-1r"],"post_mailing_queue_ids":[],"_links":{"self":[{"href":"https:\/\/agora.xtec.cat\/escolapacocandel\/wp-json\/wp\/v2\/posts\/9097","targetHints":{"allow":["GET"]}}],"collection":[{"href":"https:\/\/agora.xtec.cat\/escolapacocandel\/wp-json\/wp\/v2\/posts"}],"about":[{"href":"https:\/\/agora.xtec.cat\/escolapacocandel\/wp-json\/wp\/v2\/types\/post"}],"author":[{"embeddable":true,"href":"https:\/\/agora.xtec.cat\/escolapacocandel\/wp-json\/wp\/v2\/users\/14"}],"replies":[{"embeddable":true,"href":"https:\/\/agora.xtec.cat\/escolapacocandel\/wp-json\/wp\/v2\/comments?post=9097"}],"version-history":[{"count":3,"href":"https:\/\/agora.xtec.cat\/escolapacocandel\/wp-json\/wp\/v2\/posts\/9097\/revisions"}],"predecessor-version":[{"id":9119,"href":"https:\/\/agora.xtec.cat\/escolapacocandel\/wp-json\/wp\/v2\/posts\/9097\/revisions\/9119"}],"wp:featuredmedia":[{"embeddable":true,"href":"https:\/\/agora.xtec.cat\/escolapacocandel\/wp-json\/wp\/v2\/media\/9118"}],"wp:attachment":[{"href":"https:\/\/agora.xtec.cat\/escolapacocandel\/wp-json\/wp\/v2\/media?parent=9097"}],"wp:term":[{"taxonomy":"category","embeddable":true,"href":"https:\/\/agora.xtec.cat\/escolapacocandel\/wp-json\/wp\/v2\/categories?post=9097"},{"taxonomy":"post_tag","embeddable":true,"href":"https:\/\/agora.xtec.cat\/escolapacocandel\/wp-json\/wp\/v2\/tags?post=9097"}],"curies":[{"name":"wp","href":"https:\/\/api.w.org\/{rel}","templated":true}]}}