{"id":9090,"date":"2024-03-08T13:13:20","date_gmt":"2024-03-08T12:13:20","guid":{"rendered":"https:\/\/agora.xtec.cat\/escolapacocandel\/?p=9090"},"modified":"2024-03-08T13:13:20","modified_gmt":"2024-03-08T12:13:20","slug":"espectacle-la-mama-dels-arbres-comunitat-de-petits-i-petites","status":"publish","type":"post","link":"https:\/\/agora.xtec.cat\/escolapacocandel\/comunitat-de-petits\/espectacle-la-mama-dels-arbres-comunitat-de-petits-i-petites\/","title":{"rendered":"Espectacle La mama dels arbres Comunitat de petits i petites"},"content":{"rendered":"<p>Els infants de la Comunitat de petits i petites el dilluns 4 de mar\u00e7 van gaudir d&#8217;un espectacle a l&#8217;escola anomenat &#8220;La mama dels arbres&#8221;.<\/p>\n<p>Aquesta obra, protagonitzada per la Wangari, mostra com les persones, els animals i la natura poden conviure en harmonia. Per poder fer-ho, s&#8217;ha de cuidar de l&#8217;entorn i respectar a tots els \u00e9ssers vius. Degut a l&#8217;avar\u00edcia dels humans, es posa en perill aquest equilibri i la Wangari i les dones dels pobles decideixen plantar milers d&#8217;arbres per tornar a l&#8217;harmonia anterior. Una hist\u00f2ria basada en fets reals que transmet a l&#8217;alumnat la import\u00e0ncia de cuidar de la natura i els \u00e9ssers que l&#8217;habitem.<\/p>\n<p><a href=\"https:\/\/agora.xtec.cat\/escolapacocandel\/wp-content\/uploads\/usu332\/2024\/03\/IMG_7342-scaled.jpg\"><img loading=\"lazy\" decoding=\"async\" class=\"wp-image-9093 aligncenter\" src=\"https:\/\/agora.xtec.cat\/escolapacocandel\/wp-content\/uploads\/usu332\/2024\/03\/IMG_7342-300x188.jpg\" alt=\"\" width=\"387\" height=\"243\" srcset=\"https:\/\/agora.xtec.cat\/escolapacocandel\/wp-content\/uploads\/usu332\/2024\/03\/IMG_7342-300x188.jpg 300w, https:\/\/agora.xtec.cat\/escolapacocandel\/wp-content\/uploads\/usu332\/2024\/03\/IMG_7342-1024x642.jpg 1024w, https:\/\/agora.xtec.cat\/escolapacocandel\/wp-content\/uploads\/usu332\/2024\/03\/IMG_7342-768x482.jpg 768w, https:\/\/agora.xtec.cat\/escolapacocandel\/wp-content\/uploads\/usu332\/2024\/03\/IMG_7342-1536x963.jpg 1536w, https:\/\/agora.xtec.cat\/escolapacocandel\/wp-content\/uploads\/usu332\/2024\/03\/IMG_7342-2048x1284.jpg 2048w\" sizes=\"auto, (max-width: 387px) 100vw, 387px\" \/><\/a><\/p>\n<h4 style=\"text-align: right;\"><em>&#8220;Cuando la tierra est\u00e1 bald\u00eda, est\u00e1 pidiendo ayuda. Le hace falta su alfombra verde.&#8221; Wangari Maathai<\/em><\/h4>\n<p>Us deixem un recull d&#8217;aquell dia:<\/p>\n<blockquote class=\"wp-embedded-content\" data-secret=\"MaHt8iBDeL\"><p><a href=\"https:\/\/agora.xtec.cat\/escolapacocandel\/fotos-privat\/fotos-espectacle-la-mama-dels-arbres-comunitat-de-petits-i-petites\/\">Protegit: Fotos Espectacle La mama dels arbres Comunitat de petits i petites<\/a><\/p><\/blockquote>\n<p><iframe loading=\"lazy\" class=\"wp-embedded-content\" sandbox=\"allow-scripts\" security=\"restricted\" style=\"position: absolute; clip: rect(1px, 1px, 1px, 1px);\" title=\"&#8220;Protegit: Fotos Espectacle La mama dels arbres Comunitat de petits i petites&#8221; &#8212; Escola Paco Candel\" src=\"https:\/\/agora.xtec.cat\/escolapacocandel\/fotos-privat\/fotos-espectacle-la-mama-dels-arbres-comunitat-de-petits-i-petites\/embed\/#?secret=Zzy4xa5S69#?secret=MaHt8iBDeL\" data-secret=\"MaHt8iBDeL\" width=\"500\" height=\"282\" frameborder=\"0\" marginwidth=\"0\" marginheight=\"0\" scrolling=\"no\"><\/iframe><\/p>\n","protected":false},"excerpt":{"rendered":"<p>Els infants de la Comunitat de petits i petites el dilluns 4 de mar\u00e7 van gaudir d&#8217;un espectacle a l&#8217;escola anomenat &#8220;La mama dels arbres&#8221;.<br \/>\nAquesta obra, protagonitzada per la Wangari, mostra com les persones, els animals i la natura poden conviure en harmonia. Per poder&hellip;  <a href=\"https:\/\/agora.xtec.cat\/escolapacocandel\/comunitat-de-petits\/espectacle-la-mama-dels-arbres-comunitat-de-petits-i-petites\/\" title=\"Read Espectacle La mama dels arbres Comunitat de petits i petites\">Llegeix m\u00e9s\u00bb<\/a><\/p>\n","protected":false},"author":1,"featured_media":9091,"comment_status":"open","ping_status":"closed","sticky":false,"template":"","format":"standard","meta":{"_bbp_topic_count":0,"_bbp_reply_count":0,"_bbp_total_topic_count":0,"_bbp_total_reply_count":0,"_bbp_voice_count":0,"_bbp_anonymous_reply_count":0,"_bbp_topic_count_hidden":0,"_bbp_reply_count_hidden":0,"_bbp_forum_subforum_count":0,"footnotes":""},"categories":[128],"tags":[],"class_list":["post-9090","post","type-post","status-publish","format-standard","has-post-thumbnail","hentry","category-comunitat-de-petits"],"post_mailing_queue_ids":[],"_links":{"self":[{"href":"https:\/\/agora.xtec.cat\/escolapacocandel\/wp-json\/wp\/v2\/posts\/9090","targetHints":{"allow":["GET"]}}],"collection":[{"href":"https:\/\/agora.xtec.cat\/escolapacocandel\/wp-json\/wp\/v2\/posts"}],"about":[{"href":"https:\/\/agora.xtec.cat\/escolapacocandel\/wp-json\/wp\/v2\/types\/post"}],"author":[{"embeddable":true,"href":"https:\/\/agora.xtec.cat\/escolapacocandel\/wp-json\/wp\/v2\/users\/1"}],"replies":[{"embeddable":true,"href":"https:\/\/agora.xtec.cat\/escolapacocandel\/wp-json\/wp\/v2\/comments?post=9090"}],"version-history":[{"count":4,"href":"https:\/\/agora.xtec.cat\/escolapacocandel\/wp-json\/wp\/v2\/posts\/9090\/revisions"}],"predecessor-version":[{"id":9096,"href":"https:\/\/agora.xtec.cat\/escolapacocandel\/wp-json\/wp\/v2\/posts\/9090\/revisions\/9096"}],"wp:featuredmedia":[{"embeddable":true,"href":"https:\/\/agora.xtec.cat\/escolapacocandel\/wp-json\/wp\/v2\/media\/9091"}],"wp:attachment":[{"href":"https:\/\/agora.xtec.cat\/escolapacocandel\/wp-json\/wp\/v2\/media?parent=9090"}],"wp:term":[{"taxonomy":"category","embeddable":true,"href":"https:\/\/agora.xtec.cat\/escolapacocandel\/wp-json\/wp\/v2\/categories?post=9090"},{"taxonomy":"post_tag","embeddable":true,"href":"https:\/\/agora.xtec.cat\/escolapacocandel\/wp-json\/wp\/v2\/tags?post=9090"}],"curies":[{"name":"wp","href":"https:\/\/api.w.org\/{rel}","templated":true}]}}