{"id":9081,"date":"2024-03-07T11:00:14","date_gmt":"2024-03-07T10:00:14","guid":{"rendered":"https:\/\/agora.xtec.cat\/escolapacocandel\/?p=9081"},"modified":"2024-03-07T11:07:17","modified_gmt":"2024-03-07T10:07:17","slug":"sortida-de-5e-museu-dhistoria-de-catalunya","status":"publish","type":"post","link":"https:\/\/agora.xtec.cat\/escolapacocandel\/comunitat-de-grans\/sortida-de-5e-museu-dhistoria-de-catalunya\/","title":{"rendered":"Sortida de 5\u00e8 &#8211; Museu d&#8217;Hist\u00f2ria de Catalunya"},"content":{"rendered":"<p>Els infants de 5\u00e8 han anat de sortida al Museu d&#8217;Hist\u00f2ria de Catalunya, fent un petit viatge a trav\u00e9s del temps, des dels primers assentaments humans fins als habitatges de la d\u00e8cada del 60.<\/p>\n<p>Comencem el nostre viatge retrocedint milers d&#8217;anys enrere, quan els nostres avantpassats constru\u00efen les seves cases amb materials com la pedra, el fang o la fusta.\u00a0Continuarem el recorregut per les \u00e8poques antigues, explorant els habitatges de l&#8217;edat antiga i mitjana, des de les cases romanes fins als castells medievals.<\/p>\n<p>Finalment, arribarem als temps moderns i contemporanis, on observarem com les cases van evolucionant amb l&#8217;impacte de la industrialitzaci\u00f3 o l&#8217;aparici\u00f3 dels electrodom\u00e8stics.<\/p>\n<p>Aquesta visita guiada al Museu d&#8217;Hist\u00f2ria de Catalunya ens ofereix una oportunitat \u00fanica per comprendre l&#8217;evoluci\u00f3 dels habitatges al llarg del temps i reflexionar sobre com aquestes transformacions han modelat la nostra societat i la nostra forma de viure.<\/p>\n<p>Us deixem l&#8217;enlla\u00e7 a les fotografies:<\/p>\n<blockquote class=\"wp-embedded-content\" data-secret=\"IaSXVK1L59\"><p><a href=\"https:\/\/agora.xtec.cat\/escolapacocandel\/fotos-privat\/fotos-sortida-5e\/\">Protegit: Fotos sortida 5\u00e8<\/a><\/p><\/blockquote>\n<p><iframe loading=\"lazy\" class=\"wp-embedded-content\" sandbox=\"allow-scripts\" security=\"restricted\" style=\"position: absolute; clip: rect(1px, 1px, 1px, 1px);\" title=\"&#8220;Protegit: Fotos sortida 5\u00e8&#8221; &#8212; Escola Paco Candel\" src=\"https:\/\/agora.xtec.cat\/escolapacocandel\/fotos-privat\/fotos-sortida-5e\/embed\/#?secret=BFILbjrOf7#?secret=IaSXVK1L59\" data-secret=\"IaSXVK1L59\" width=\"500\" height=\"282\" frameborder=\"0\" marginwidth=\"0\" marginheight=\"0\" scrolling=\"no\"><\/iframe><\/p>\n","protected":false},"excerpt":{"rendered":"<p>Els infants de 5\u00e8 han anat de sortida al Museu d&#8217;Hist\u00f2ria de Catalunya, fent un petit viatge a trav\u00e9s del temps, des dels primers assentaments humans fins als habitatges de la d\u00e8cada del 60.<br \/>\nComencem el nostre viatge retrocedint milers d&#8217;anys enrere, quan els nostres avantpassats&hellip;  <a href=\"https:\/\/agora.xtec.cat\/escolapacocandel\/comunitat-de-grans\/sortida-de-5e-museu-dhistoria-de-catalunya\/\" title=\"Read Sortida de 5\u00e8 &#8211; Museu d&#8217;Hist\u00f2ria de Catalunya\">Llegeix m\u00e9s\u00bb<\/a><\/p>\n","protected":false},"author":20,"featured_media":9082,"comment_status":"open","ping_status":"closed","sticky":false,"template":"","format":"standard","meta":{"_bbp_topic_count":0,"_bbp_reply_count":0,"_bbp_total_topic_count":0,"_bbp_total_reply_count":0,"_bbp_voice_count":0,"_bbp_anonymous_reply_count":0,"_bbp_topic_count_hidden":0,"_bbp_reply_count_hidden":0,"_bbp_forum_subforum_count":0,"footnotes":""},"categories":[144,129],"tags":[],"class_list":["post-9081","post","type-post","status-publish","format-standard","has-post-thumbnail","hentry","category-5e","category-comunitat-de-grans"],"post_mailing_queue_ids":[],"_links":{"self":[{"href":"https:\/\/agora.xtec.cat\/escolapacocandel\/wp-json\/wp\/v2\/posts\/9081","targetHints":{"allow":["GET"]}}],"collection":[{"href":"https:\/\/agora.xtec.cat\/escolapacocandel\/wp-json\/wp\/v2\/posts"}],"about":[{"href":"https:\/\/agora.xtec.cat\/escolapacocandel\/wp-json\/wp\/v2\/types\/post"}],"author":[{"embeddable":true,"href":"https:\/\/agora.xtec.cat\/escolapacocandel\/wp-json\/wp\/v2\/users\/20"}],"replies":[{"embeddable":true,"href":"https:\/\/agora.xtec.cat\/escolapacocandel\/wp-json\/wp\/v2\/comments?post=9081"}],"version-history":[{"count":2,"href":"https:\/\/agora.xtec.cat\/escolapacocandel\/wp-json\/wp\/v2\/posts\/9081\/revisions"}],"predecessor-version":[{"id":9087,"href":"https:\/\/agora.xtec.cat\/escolapacocandel\/wp-json\/wp\/v2\/posts\/9081\/revisions\/9087"}],"wp:featuredmedia":[{"embeddable":true,"href":"https:\/\/agora.xtec.cat\/escolapacocandel\/wp-json\/wp\/v2\/media\/9082"}],"wp:attachment":[{"href":"https:\/\/agora.xtec.cat\/escolapacocandel\/wp-json\/wp\/v2\/media?parent=9081"}],"wp:term":[{"taxonomy":"category","embeddable":true,"href":"https:\/\/agora.xtec.cat\/escolapacocandel\/wp-json\/wp\/v2\/categories?post=9081"},{"taxonomy":"post_tag","embeddable":true,"href":"https:\/\/agora.xtec.cat\/escolapacocandel\/wp-json\/wp\/v2\/tags?post=9081"}],"curies":[{"name":"wp","href":"https:\/\/api.w.org\/{rel}","templated":true}]}}