{"id":8945,"date":"2024-03-03T14:17:34","date_gmt":"2024-03-03T13:17:34","guid":{"rendered":"https:\/\/agora.xtec.cat\/escolapacocandel\/?p=8945"},"modified":"2024-03-03T14:17:34","modified_gmt":"2024-03-03T13:17:34","slug":"cursa-orientacio-4t","status":"publish","type":"post","link":"https:\/\/agora.xtec.cat\/escolapacocandel\/comunitat-de-grans\/cursa-orientacio-4t\/","title":{"rendered":"Cursa orientaci\u00f3 4t"},"content":{"rendered":"<p>Des de fa dues setmanes d\u2019alumnat de 4<sup>t<\/sup> ha estat preparant la Cursa d\u2019Orientaci\u00f3 a les sessions d\u2019educaci\u00f3 f\u00edsica a l\u2019escola.<\/p>\n<p><a href=\"https:\/\/agora.xtec.cat\/escolapacocandel\/wp-content\/uploads\/usu332\/2024\/03\/IMG_20240221_094022-scaled.jpg\"><img loading=\"lazy\" decoding=\"async\" class=\"alignnone size-medium wp-image-8946\" src=\"https:\/\/agora.xtec.cat\/escolapacocandel\/wp-content\/uploads\/usu332\/2024\/03\/IMG_20240221_094022-300x226.jpg\" alt=\"\" width=\"300\" height=\"226\" srcset=\"https:\/\/agora.xtec.cat\/escolapacocandel\/wp-content\/uploads\/usu332\/2024\/03\/IMG_20240221_094022-300x226.jpg 300w, https:\/\/agora.xtec.cat\/escolapacocandel\/wp-content\/uploads\/usu332\/2024\/03\/IMG_20240221_094022-1024x771.jpg 1024w, https:\/\/agora.xtec.cat\/escolapacocandel\/wp-content\/uploads\/usu332\/2024\/03\/IMG_20240221_094022-768x578.jpg 768w, https:\/\/agora.xtec.cat\/escolapacocandel\/wp-content\/uploads\/usu332\/2024\/03\/IMG_20240221_094022-1536x1157.jpg 1536w, https:\/\/agora.xtec.cat\/escolapacocandel\/wp-content\/uploads\/usu332\/2024\/03\/IMG_20240221_094022-2048x1542.jpg 2048w, https:\/\/agora.xtec.cat\/escolapacocandel\/wp-content\/uploads\/usu332\/2024\/03\/IMG_20240221_094022-200x150.jpg 200w\" sizes=\"auto, (max-width: 300px) 100vw, 300px\" \/><\/a><\/p>\n<p>Al llarg d\u2019aquest temps han apr\u00e8s conceptes com fites, ternes&#8230; Identificaci\u00f3 de simbologia de les curses, seguir recorreguts i saber orientar-se a trav\u00e9s de diversos mapes.<\/p>\n<p>L\u2019alumnat ha treballat en petit grup de 3\/4, posant-se d\u2019acord i anant totes a una i aix\u00ed, aconseguir trobar les fites en el menys temps possible.<\/p>\n<p>Aquests dies els nens i les nenes han gaudit d\u2019aquesta activitat i han pogut fer el tancament, conjuntament amb altres escoles al Parc de Can Boixeres. On han posat a prova tots els coneixements adquirits. Ha estat una jornada esportiva plena d\u2019emocions!<\/p>\n<p>A partir del 14\u201950\u2019\u2019 podreu trobar la not\u00edcia de la cursa d\u2019orientaci\u00f3 feta al Parc de Can Boixeres.<\/p>\n<p><a href=\"https:\/\/player.instantvideocloud.net\/#\/embed\/2d8f57f9b3\/7e296a8c-73b2-6f49-1358-626621d4bc45\">https:\/\/player.instantvideocloud.net\/#\/embed\/2d8f57f9b3\/7e296a8c-73b2-6f49-1358-626621d4bc45<\/a><\/p>\n<p>I el dimecres 6 mar\u00e7 a la televisi\u00f3 de l&#8217;Hospitalet al programa Aula L\u2019H a partir de les 20\u202fh s\u2019emetr\u00e0 un petit reportatge del dia de la Cursa.<\/p>\n<p>En aquest <a href=\"https:\/\/agora.xtec.cat\/escolapacocandel\/?p=8942&amp;preview=true\">enlla\u00e7<\/a> podreu trobar un petit recull de fotos de l\u20191 de mar\u00e7.<\/p>\n<p>&nbsp;<\/p>\n","protected":false},"excerpt":{"rendered":"<p>Des de fa dues setmanes d\u2019alumnat de 4t ha estat preparant la Cursa d\u2019Orientaci\u00f3 a les sessions d\u2019educaci\u00f3 f\u00edsica a l\u2019escola.<br \/>\n<a href=\"https:\/\/agora.xtec.cat\/escolapacocandel\/wp-content\/uploads\/usu332\/2024\/03\/IMG_20240221_094022-scaled.jpg\"><\/a><br \/>\nAl llarg d\u2019aquest temps han apr\u00e8s conceptes com fites, ternes&#8230; Identificaci\u00f3 de simbologia de les curses, seguir recorreguts i saber orientar-se a trav\u00e9s de&hellip;  <a href=\"https:\/\/agora.xtec.cat\/escolapacocandel\/comunitat-de-grans\/cursa-orientacio-4t\/\" title=\"Read Cursa orientaci\u00f3 4t\">Llegeix m\u00e9s\u00bb<\/a><\/p>\n","protected":false},"author":25,"featured_media":0,"comment_status":"open","ping_status":"closed","sticky":false,"template":"","format":"standard","meta":{"_bbp_topic_count":0,"_bbp_reply_count":0,"_bbp_total_topic_count":0,"_bbp_total_reply_count":0,"_bbp_voice_count":0,"_bbp_anonymous_reply_count":0,"_bbp_topic_count_hidden":0,"_bbp_reply_count_hidden":0,"_bbp_forum_subforum_count":0,"footnotes":""},"categories":[129,143],"tags":[],"class_list":["post-8945","post","type-post","status-publish","format-standard","hentry","category-comunitat-de-grans","category-4t"],"post_mailing_queue_ids":[],"_links":{"self":[{"href":"https:\/\/agora.xtec.cat\/escolapacocandel\/wp-json\/wp\/v2\/posts\/8945","targetHints":{"allow":["GET"]}}],"collection":[{"href":"https:\/\/agora.xtec.cat\/escolapacocandel\/wp-json\/wp\/v2\/posts"}],"about":[{"href":"https:\/\/agora.xtec.cat\/escolapacocandel\/wp-json\/wp\/v2\/types\/post"}],"author":[{"embeddable":true,"href":"https:\/\/agora.xtec.cat\/escolapacocandel\/wp-json\/wp\/v2\/users\/25"}],"replies":[{"embeddable":true,"href":"https:\/\/agora.xtec.cat\/escolapacocandel\/wp-json\/wp\/v2\/comments?post=8945"}],"version-history":[{"count":2,"href":"https:\/\/agora.xtec.cat\/escolapacocandel\/wp-json\/wp\/v2\/posts\/8945\/revisions"}],"predecessor-version":[{"id":8948,"href":"https:\/\/agora.xtec.cat\/escolapacocandel\/wp-json\/wp\/v2\/posts\/8945\/revisions\/8948"}],"wp:attachment":[{"href":"https:\/\/agora.xtec.cat\/escolapacocandel\/wp-json\/wp\/v2\/media?parent=8945"}],"wp:term":[{"taxonomy":"category","embeddable":true,"href":"https:\/\/agora.xtec.cat\/escolapacocandel\/wp-json\/wp\/v2\/categories?post=8945"},{"taxonomy":"post_tag","embeddable":true,"href":"https:\/\/agora.xtec.cat\/escolapacocandel\/wp-json\/wp\/v2\/tags?post=8945"}],"curies":[{"name":"wp","href":"https:\/\/api.w.org\/{rel}","templated":true}]}}