{"id":8921,"date":"2024-02-27T16:22:47","date_gmt":"2024-02-27T15:22:47","guid":{"rendered":"https:\/\/agora.xtec.cat\/escolapacocandel\/?p=8921"},"modified":"2024-03-06T13:18:30","modified_gmt":"2024-03-06T12:18:30","slug":"sortida-6e-can-santoi","status":"publish","type":"post","link":"https:\/\/agora.xtec.cat\/escolapacocandel\/comunitat-de-grans\/sortida-6e-can-santoi\/","title":{"rendered":"Sortida 6\u00e8 Can Santoi"},"content":{"rendered":"<p>Avui els grups de <span class=\"hiddenGrammarError\">6\u00e8A<\/span> i <span class=\"hiddenGrammarError\">6\u00e8B<\/span> han visitat el camp d&#8217;aprenentatge de Can <span class=\"hiddenSpellError\">Santoi<\/span>. Per grups han treballat l&#8217;energia solar d&#8217;una forma pr\u00e0ctica, i han pogut aprendre m\u00e9s sobre la llum i la calor. A m\u00e9s, han gaudit d&#8217;un dia fant\u00e0stic a la natura.<\/p>\n<p>A continuaci\u00f3, us deixem l&#8217;enlla\u00e7 de les fotos.<\/p>\n<blockquote class=\"wp-embedded-content\" data-secret=\"R9LklbDd1s\"><p><a href=\"https:\/\/agora.xtec.cat\/escolapacocandel\/fotos-privat\/fotos-6e-can-santoi-2\/\">Protegit: FOTOS 6\u00e8 CAN SANTOI<\/a><\/p><\/blockquote>\n<p><iframe loading=\"lazy\" class=\"wp-embedded-content\" sandbox=\"allow-scripts\" security=\"restricted\" style=\"position: absolute; clip: rect(1px, 1px, 1px, 1px);\" title=\"&#8220;Protegit: FOTOS 6\u00e8 CAN SANTOI&#8221; &#8212; Escola Paco Candel\" src=\"https:\/\/agora.xtec.cat\/escolapacocandel\/fotos-privat\/fotos-6e-can-santoi-2\/embed\/#?secret=PmtDIghlkd#?secret=R9LklbDd1s\" data-secret=\"R9LklbDd1s\" width=\"500\" height=\"282\" frameborder=\"0\" marginwidth=\"0\" marginheight=\"0\" scrolling=\"no\"><\/iframe><\/p>\n","protected":false},"excerpt":{"rendered":"<p>Avui els grups de 6\u00e8A i 6\u00e8B han visitat el camp d&#8217;aprenentatge de Can Santoi. Per grups han treballat l&#8217;energia solar d&#8217;una forma pr\u00e0ctica, i han pogut aprendre m\u00e9s sobre la llum i la calor. A m\u00e9s, han gaudit d&#8217;un dia fant\u00e0stic a la natura.<br \/>\nA&hellip;  <a href=\"https:\/\/agora.xtec.cat\/escolapacocandel\/comunitat-de-grans\/sortida-6e-can-santoi\/\" title=\"Read Sortida 6\u00e8 Can Santoi\">Llegeix m\u00e9s\u00bb<\/a><\/p>\n","protected":false},"author":1,"featured_media":8925,"comment_status":"open","ping_status":"closed","sticky":false,"template":"","format":"standard","meta":{"_bbp_topic_count":0,"_bbp_reply_count":0,"_bbp_total_topic_count":0,"_bbp_total_reply_count":0,"_bbp_voice_count":0,"_bbp_anonymous_reply_count":0,"_bbp_topic_count_hidden":0,"_bbp_reply_count_hidden":0,"_bbp_forum_subforum_count":0,"footnotes":""},"categories":[129,146],"tags":[],"class_list":["post-8921","post","type-post","status-publish","format-standard","has-post-thumbnail","hentry","category-comunitat-de-grans","category-6e"],"post_mailing_queue_ids":[],"_links":{"self":[{"href":"https:\/\/agora.xtec.cat\/escolapacocandel\/wp-json\/wp\/v2\/posts\/8921","targetHints":{"allow":["GET"]}}],"collection":[{"href":"https:\/\/agora.xtec.cat\/escolapacocandel\/wp-json\/wp\/v2\/posts"}],"about":[{"href":"https:\/\/agora.xtec.cat\/escolapacocandel\/wp-json\/wp\/v2\/types\/post"}],"author":[{"embeddable":true,"href":"https:\/\/agora.xtec.cat\/escolapacocandel\/wp-json\/wp\/v2\/users\/1"}],"replies":[{"embeddable":true,"href":"https:\/\/agora.xtec.cat\/escolapacocandel\/wp-json\/wp\/v2\/comments?post=8921"}],"version-history":[{"count":3,"href":"https:\/\/agora.xtec.cat\/escolapacocandel\/wp-json\/wp\/v2\/posts\/8921\/revisions"}],"predecessor-version":[{"id":9029,"href":"https:\/\/agora.xtec.cat\/escolapacocandel\/wp-json\/wp\/v2\/posts\/8921\/revisions\/9029"}],"wp:featuredmedia":[{"embeddable":true,"href":"https:\/\/agora.xtec.cat\/escolapacocandel\/wp-json\/wp\/v2\/media\/8925"}],"wp:attachment":[{"href":"https:\/\/agora.xtec.cat\/escolapacocandel\/wp-json\/wp\/v2\/media?parent=8921"}],"wp:term":[{"taxonomy":"category","embeddable":true,"href":"https:\/\/agora.xtec.cat\/escolapacocandel\/wp-json\/wp\/v2\/categories?post=8921"},{"taxonomy":"post_tag","embeddable":true,"href":"https:\/\/agora.xtec.cat\/escolapacocandel\/wp-json\/wp\/v2\/tags?post=8921"}],"curies":[{"name":"wp","href":"https:\/\/api.w.org\/{rel}","templated":true}]}}