{"id":8868,"date":"2024-02-23T12:03:57","date_gmt":"2024-02-23T11:03:57","guid":{"rendered":"https:\/\/agora.xtec.cat\/escolapacocandel\/?p=8868"},"modified":"2024-02-26T10:22:30","modified_gmt":"2024-02-26T09:22:30","slug":"sortida-mnactec-comunitat-de-petits-i-petites","status":"publish","type":"post","link":"https:\/\/agora.xtec.cat\/escolapacocandel\/comunitat-de-petits\/sortida-mnactec-comunitat-de-petits-i-petites\/","title":{"rendered":"Sortida MNACTEC Comunitat de petits i petites"},"content":{"rendered":"<p>El darrer dimarts 20 de febrer la Comunitat de petits i petites van anar al Museu Nacional de la Ci\u00e8ncia i la T\u00e8cnica de Catalunya. All\u00e0 van poder gaudir de l&#8217;exposici\u00f3 de cotxes, motos, bicicletes i avionetes antigues. Tamb\u00e9 de l&#8217;evoluci\u00f3 d&#8217;uns altres aparells electr\u00f2nics com els ordinadors, els tel\u00e8fons o les cafeteres. Al mig del recorregut van poder observar una maqueta en funcionament per la qual circulaven diferents trens.<\/p>\n<p>Al llarg del dia, els grups de 3 i 5 anys van anar a l&#8217;espai Explora 0-6 del museu, amb diferents propostes sensorials i d&#8217;exploraci\u00f3 en les quals, a partir de les seves pr\u00f2pies viv\u00e8ncies, descobreixen nous aspectes cient\u00edfics.<\/p>\n<p><a href=\"https:\/\/agora.xtec.cat\/escolapacocandel\/wp-content\/uploads\/usu332\/2024\/02\/PXL_20240220_131250134.jpg\"><img loading=\"lazy\" decoding=\"async\" class=\"alignnone size-medium wp-image-8871\" src=\"https:\/\/agora.xtec.cat\/escolapacocandel\/wp-content\/uploads\/usu332\/2024\/02\/PXL_20240220_131250134-300x252.jpg\" alt=\"\" width=\"300\" height=\"252\" srcset=\"https:\/\/agora.xtec.cat\/escolapacocandel\/wp-content\/uploads\/usu332\/2024\/02\/PXL_20240220_131250134-300x252.jpg 300w, https:\/\/agora.xtec.cat\/escolapacocandel\/wp-content\/uploads\/usu332\/2024\/02\/PXL_20240220_131250134-1024x859.jpg 1024w, https:\/\/agora.xtec.cat\/escolapacocandel\/wp-content\/uploads\/usu332\/2024\/02\/PXL_20240220_131250134-768x644.jpg 768w, https:\/\/agora.xtec.cat\/escolapacocandel\/wp-content\/uploads\/usu332\/2024\/02\/PXL_20240220_131250134-1536x1288.jpg 1536w, https:\/\/agora.xtec.cat\/escolapacocandel\/wp-content\/uploads\/usu332\/2024\/02\/PXL_20240220_131250134-2048x1718.jpg 2048w\" sizes=\"auto, (max-width: 300px) 100vw, 300px\" \/><\/a><\/p>\n<p>Els grups de 4 anys van dur a terme el taller teatralitzat &#8220;Juguem amb el cos&#8221;, a partir del qual van descobrir nous aspectes sobre el cos hum\u00e0, tant de l&#8217;interior d&#8217;aquest com de l&#8217;exterior.<\/p>\n<p><a href=\"https:\/\/agora.xtec.cat\/escolapacocandel\/wp-content\/uploads\/usu332\/2024\/02\/IMG_2159-scaled.jpg\"><img loading=\"lazy\" decoding=\"async\" class=\"alignnone size-medium wp-image-8872\" src=\"https:\/\/agora.xtec.cat\/escolapacocandel\/wp-content\/uploads\/usu332\/2024\/02\/IMG_2159-225x300.jpg\" alt=\"\" width=\"225\" height=\"300\" srcset=\"https:\/\/agora.xtec.cat\/escolapacocandel\/wp-content\/uploads\/usu332\/2024\/02\/IMG_2159-225x300.jpg 225w, https:\/\/agora.xtec.cat\/escolapacocandel\/wp-content\/uploads\/usu332\/2024\/02\/IMG_2159-768x1024.jpg 768w, https:\/\/agora.xtec.cat\/escolapacocandel\/wp-content\/uploads\/usu332\/2024\/02\/IMG_2159-1152x1536.jpg 1152w, https:\/\/agora.xtec.cat\/escolapacocandel\/wp-content\/uploads\/usu332\/2024\/02\/IMG_2159-1536x2048.jpg 1536w, https:\/\/agora.xtec.cat\/escolapacocandel\/wp-content\/uploads\/usu332\/2024\/02\/IMG_2159-scaled.jpg 1920w\" sizes=\"auto, (max-width: 225px) 100vw, 225px\" \/><\/a><\/p>\n<p>Els infants van gaudir d&#8217;un dia ple d&#8217;experi\u00e8ncies, nous descobriments i estones compartides de joc amb els nens i les nenes de la resta de la comunitat.<\/p>\n<p>Aqu\u00ed us deixem un tastet de les fotos:<\/p>\n<p><a href=\"https:\/\/agora.xtec.cat\/escolapacocandel\/fotos-privat\/fotos-sortida-mnactec-comunitat-de-petits-i-petites\/\">Fotos Sortida MNACTEC Comunitat de Petits i petites | Escola Paco Candel (xtec.cat)<\/a><\/p>\n","protected":false},"excerpt":{"rendered":"<p>El darrer dimarts 20 de febrer la Comunitat de petits i petites van anar al Museu Nacional de la Ci\u00e8ncia i la T\u00e8cnica de Catalunya. All\u00e0 van poder gaudir de l&#8217;exposici\u00f3 de cotxes, motos, bicicletes i avionetes antigues. Tamb\u00e9 de l&#8217;evoluci\u00f3 d&#8217;uns altres aparells electr\u00f2nics&hellip;  <a href=\"https:\/\/agora.xtec.cat\/escolapacocandel\/comunitat-de-petits\/sortida-mnactec-comunitat-de-petits-i-petites\/\" title=\"Read Sortida MNACTEC Comunitat de petits i petites\">Llegeix m\u00e9s\u00bb<\/a><\/p>\n","protected":false},"author":1,"featured_media":8870,"comment_status":"open","ping_status":"closed","sticky":false,"template":"","format":"standard","meta":{"_bbp_topic_count":0,"_bbp_reply_count":0,"_bbp_total_topic_count":0,"_bbp_total_reply_count":0,"_bbp_voice_count":0,"_bbp_anonymous_reply_count":0,"_bbp_topic_count_hidden":0,"_bbp_reply_count_hidden":0,"_bbp_forum_subforum_count":0,"footnotes":""},"categories":[182,183,196,128],"tags":[],"class_list":["post-8868","post","type-post","status-publish","format-standard","has-post-thumbnail","hentry","category-3-anys","category-4-anys","category-5-anys","category-comunitat-de-petits"],"post_mailing_queue_ids":[],"_links":{"self":[{"href":"https:\/\/agora.xtec.cat\/escolapacocandel\/wp-json\/wp\/v2\/posts\/8868","targetHints":{"allow":["GET"]}}],"collection":[{"href":"https:\/\/agora.xtec.cat\/escolapacocandel\/wp-json\/wp\/v2\/posts"}],"about":[{"href":"https:\/\/agora.xtec.cat\/escolapacocandel\/wp-json\/wp\/v2\/types\/post"}],"author":[{"embeddable":true,"href":"https:\/\/agora.xtec.cat\/escolapacocandel\/wp-json\/wp\/v2\/users\/1"}],"replies":[{"embeddable":true,"href":"https:\/\/agora.xtec.cat\/escolapacocandel\/wp-json\/wp\/v2\/comments?post=8868"}],"version-history":[{"count":3,"href":"https:\/\/agora.xtec.cat\/escolapacocandel\/wp-json\/wp\/v2\/posts\/8868\/revisions"}],"predecessor-version":[{"id":8874,"href":"https:\/\/agora.xtec.cat\/escolapacocandel\/wp-json\/wp\/v2\/posts\/8868\/revisions\/8874"}],"wp:featuredmedia":[{"embeddable":true,"href":"https:\/\/agora.xtec.cat\/escolapacocandel\/wp-json\/wp\/v2\/media\/8870"}],"wp:attachment":[{"href":"https:\/\/agora.xtec.cat\/escolapacocandel\/wp-json\/wp\/v2\/media?parent=8868"}],"wp:term":[{"taxonomy":"category","embeddable":true,"href":"https:\/\/agora.xtec.cat\/escolapacocandel\/wp-json\/wp\/v2\/categories?post=8868"},{"taxonomy":"post_tag","embeddable":true,"href":"https:\/\/agora.xtec.cat\/escolapacocandel\/wp-json\/wp\/v2\/tags?post=8868"}],"curies":[{"name":"wp","href":"https:\/\/api.w.org\/{rel}","templated":true}]}}