{"id":8734,"date":"2024-02-20T11:32:40","date_gmt":"2024-02-20T10:32:40","guid":{"rendered":"https:\/\/agora.xtec.cat\/escolapacocandel\/?p=8734"},"modified":"2024-03-06T09:13:18","modified_gmt":"2024-03-06T08:13:18","slug":"setmana-dart-art-natura-i-escola","status":"publish","type":"post","link":"https:\/\/agora.xtec.cat\/escolapacocandel\/portada\/setmana-dart-art-natura-i-escola\/","title":{"rendered":"Setmana d&#8217;art: Art, Natura i Escola"},"content":{"rendered":"<p class=\"cvGsUA direction-ltr align-justify para-style-body\" style=\"text-align: justify;\"><span class=\"OYPEnA text-decoration-none text-strikethrough-none\">L<\/span><span class=\"OYPEnA text-decoration-none text-strikethrough-none\">&#8216;<\/span><strong><span class=\"OYPEnA text-decoration-none text-strikethrough-none\">Art de la Terra<\/span><\/strong><span class=\"OYPEnA text-decoration-none text-strikethrough-none\"> considera el paisatge natural en un lloc de trobada, en un medi que serveix de context per albergar l&#8217;obra d&#8217;art, transformant-lo en escenari que alhora inspira, emmarca i justifica la creaci\u00f3 art\u00edstica. <\/span><span class=\"OYPEnA text-decoration-none text-strikethrough-none\">Des de temps immemorials l&#8217;\u00e9sser hum\u00e0 ha buscat interactuar de forma harm\u00f2nica amb la natura i utilitzar els seus elements com a mitj\u00e0 per dur a terme diverses activitats.<\/span><\/p>\n<p><img loading=\"lazy\" decoding=\"async\" class=\"wp-image-8735 alignleft\" src=\"https:\/\/agora.xtec.cat\/escolapacocandel\/wp-content\/uploads\/usu332\/2024\/02\/Captura-2.jpg\" alt=\"\" width=\"129\" height=\"133\" srcset=\"https:\/\/agora.xtec.cat\/escolapacocandel\/wp-content\/uploads\/usu332\/2024\/02\/Captura-2.jpg 410w, https:\/\/agora.xtec.cat\/escolapacocandel\/wp-content\/uploads\/usu332\/2024\/02\/Captura-2-291x300.jpg 291w\" sizes=\"auto, (max-width: 129px) 100vw, 129px\" \/><\/p>\n<p class=\"cvGsUA direction-ltr align-justify para-style-body\" style=\"text-align: justify;\"><span class=\"OYPEnA text-decoration-none text-strikethrough-none\">En el pla art\u00edstic, ha intentat apropiar-se del territori on viu i de transformar-lo per a la creaci\u00f3 d&#8217;obres que puguin transcendir, de manera temporal o permanent, com a mitj\u00e0 de manifestaci\u00f3 i expressi\u00f3 d&#8217;idees, sentiments, pors i somnis.<\/span><\/p>\n<p><span class=\"OYPEnA text-decoration-none text-strikethrough-none\">La paraula <\/span><strong><span class=\"OYPEnA text-decoration-none text-strikethrough-none\">BIOF\u00cdLIA<\/span> <\/strong><span class=\"OYPEnA text-decoration-none text-strikethrough-none\">ens recorda que la millor manera de gestionar qualsevol \u00e0mbit de la vida humana \u00e9s la que t\u00e9 en compte la natura i l\u2019entorn.<\/span><\/p>\n<h6><\/h6>\n<h6><strong><span class=\"OYPEnA text-decoration-none text-strikethrough-none\">EL NOSTRE SENTIT DE CONNEXI\u00d3 AMB LA NATURA<\/span><\/strong><\/h6>\n<p class=\"cvGsUA direction-ltr align-justify para-style-body\" style=\"text-align: justify;\"><span class=\"OYPEnA text-decoration-none text-strikethrough-none\">Les formes, colors i olors que recorden la natura ens ajuden a connectar amb els nostres or\u00edgens d\u2019una manera inconscient, ens ajuden tamb\u00e9 en el mateix benestar.<\/span><\/p>\n<p class=\"cvGsUA direction-ltr align-justify para-style-body\" style=\"text-align: justify;\"><span class=\"OYPEnA text-decoration-none text-strikethrough-none\">La natura forma part del cercle de la vida, l\u2019escola \u00e9s un espai viu on els infants conviuen, un espai on s\u2019introdueix la natura com a font d\u2019expressi\u00f3. Enguany, la Setmana d\u2019art est\u00e0 dedicada a la <\/span><strong><span class=\"OYPEnA text-decoration-none text-strikethrough-none\">NATURA<\/span><\/strong><span class=\"OYPEnA text-decoration-none text-strikethrough-none\">, una manera de connectar-nos<\/span> <span class=\"OYPEnA text-decoration-none text-strikethrough-none\">amb el nostre m\u00f3n i amb nosaltres mateixos.<\/span><\/p>\n<p style=\"text-align: justify;\"><span class=\"OYPEnA text-decoration-none text-strikethrough-none\">A continuaci\u00f3, us presentem l\u2019exposici\u00f3 <\/span><strong><span class=\"OYPEnA text-decoration-none text-strikethrough-none\">ART, ESCOLA I NATURA<\/span><\/strong><span class=\"OYPEnA text-decoration-none text-strikethrough-none\">, diversos processos creatius que els infants han realitzat durant aquesta setmana a<\/span> <span class=\"OYPEnA text-decoration-none text-strikethrough-none\">trav\u00e9s de diferents materials i elements naturals. Les mans han estat protagonistes, explorant possibilitats, transformant elements i materials, creant amb curiositat i inventiva veritables obres d&#8217;art. Posar en contacte a les nenes i els nens<\/span> <span class=\"OYPEnA text-decoration-none text-strikethrough-none\">amb el m\u00f3n de l\u2019art, ofereix<\/span> <span class=\"OYPEnA text-decoration-none text-strikethrough-none\">la possibilitat d\u2019expressar-se sense paraules.<\/span><\/p>\n<p><img loading=\"lazy\" decoding=\"async\" class=\"wp-image-8736 alignleft\" src=\"https:\/\/agora.xtec.cat\/escolapacocandel\/wp-content\/uploads\/usu332\/2024\/02\/Captura-3.jpg\" alt=\"\" width=\"233\" height=\"95\" srcset=\"https:\/\/agora.xtec.cat\/escolapacocandel\/wp-content\/uploads\/usu332\/2024\/02\/Captura-3.jpg 527w, https:\/\/agora.xtec.cat\/escolapacocandel\/wp-content\/uploads\/usu332\/2024\/02\/Captura-3-300x122.jpg 300w\" sizes=\"auto, (max-width: 233px) 100vw, 233px\" \/><\/p>\n<blockquote>\n<p class=\"cvGsUA direction-ltr align-start para-style-body\" style=\"text-align: justify;\"><em><span class=\"OYPEnA text-decoration-none text-strikethrough-none\">&#8220;L<\/span><span class=\"OYPEnA text-decoration-none text-strikethrough-none\">a inf\u00e0ncia \u00e9s l\u2019etapa de la vida\u00a0<\/span><\/em><span class=\"OYPEnA text-decoration-none text-strikethrough-none\"><em>de l\u2019\u00e9sser hum\u00e0 en la que es construeix el seu vincle amb l\u2019entorn natural&#8221;<\/em>. <\/span><span class=\"OYPEnA text-decoration-none text-strikethrough-none\">Heike<\/span><span class=\"OYPEnA text-decoration-none text-strikethrough-none\"> Freire<\/span><\/p>\n<\/blockquote>\n<p>&nbsp;<\/p>\n<h5><\/h5>\n<h5><strong>COMUNITAT DE PETITS I PETITES<\/strong><\/h5>\n<p><strong><span class=\"OYPEnA text-decoration-none text-strikethrough-none\">LA SORRA, ELEMENT DE TRANSFORMACI\u00d3<\/span><\/strong><\/p>\n<p style=\"text-align: justify;\"><span class=\"OYPEnA text-decoration-none text-strikethrough-none\">La <\/span><strong><span class=\"OYPEnA text-decoration-none text-strikethrough-none\">SORRA<\/span><\/strong><span class=\"OYPEnA text-decoration-none text-strikethrough-none\"> \u00e9s un material evocador i arcaic, format al llarg de milers d&#8217;anys per l&#8217;erosi\u00f3 de les roques, per tant, infinitament m\u00e9s antic que nosaltres. En algunes cultures s&#8217;associa amb el desert, els esdeveniments b\u00edblics i els antics profetes. La sorra \u00e9s s\u00edmbol de l&#8217;infinitament petit i de multitud.<\/span><\/p>\n<p style=\"text-align: justify;\"><span class=\"OYPEnA text-decoration-none text-strikethrough-none\">A la comunitat de petites aquest element ha esdevingut un element transformador, un element molt proper per a ells, que ha donat pas a la creaci\u00f3 de diferents obres despr\u00e9s de tot un proc\u00e9s d&#8217;experimentaci\u00f3. Els infants m\u00e9s petits han observat, barrejat, tocat<\/span> <span class=\"OYPEnA text-decoration-none text-strikethrough-none\">aquest element tot adonant-se de la seva textura, color, forma, transformant-la amb el contacte amb l&#8217;aigua<\/span> <span class=\"OYPEnA text-decoration-none text-strikethrough-none\">i amb altres elements naturals. Possibilitats de canvi<\/span> <span class=\"OYPEnA text-decoration-none text-strikethrough-none\">on tamb\u00e9 el fang ha perm\u00e8s modelar i crear.<\/span><\/p>\n<p><strong><span class=\"OYPEnA text-decoration-none text-strikethrough-none\">RASTRES, CAMINS&#8230;<\/span><\/strong><\/p>\n<p style=\"text-align: justify;\"><span class=\"OYPEnA text-decoration-none text-strikethrough-none\"><img loading=\"lazy\" decoding=\"async\" class=\"wp-image-8739 alignleft\" src=\"https:\/\/agora.xtec.cat\/escolapacocandel\/wp-content\/uploads\/usu332\/2024\/02\/IMG_6819-1024x768.jpg\" alt=\"\" width=\"239\" height=\"179\" srcset=\"https:\/\/agora.xtec.cat\/escolapacocandel\/wp-content\/uploads\/usu332\/2024\/02\/IMG_6819-1024x768.jpg 1024w, https:\/\/agora.xtec.cat\/escolapacocandel\/wp-content\/uploads\/usu332\/2024\/02\/IMG_6819-300x225.jpg 300w, https:\/\/agora.xtec.cat\/escolapacocandel\/wp-content\/uploads\/usu332\/2024\/02\/IMG_6819-768x576.jpg 768w, https:\/\/agora.xtec.cat\/escolapacocandel\/wp-content\/uploads\/usu332\/2024\/02\/IMG_6819-1536x1152.jpg 1536w, https:\/\/agora.xtec.cat\/escolapacocandel\/wp-content\/uploads\/usu332\/2024\/02\/IMG_6819-2048x1536.jpg 2048w, https:\/\/agora.xtec.cat\/escolapacocandel\/wp-content\/uploads\/usu332\/2024\/02\/IMG_6819-200x150.jpg 200w\" sizes=\"auto, (max-width: 239px) 100vw, 239px\" \/>La sorra est\u00e0 formada per milers de milions de grans, petits i separats. Aquesta,<\/span> <span class=\"OYPEnA text-decoration-none text-strikethrough-none\">pot acomodar qualsevol forma, deixant-hi espai i conservant la seva empremta. L&#8217;aigua \u00e9s un element clau, petites gotes d&#8217;aigua uneixen els grans, formant aix\u00ed una massa m\u00e9s compacta i modelable. Aix\u00ed com fer camins deixant els grans passar entre els dits amb la llum com a llen\u00e7.<\/span><\/p>\n<p style=\"text-align: justify;\"><span class=\"OYPEnA text-decoration-none text-strikethrough-none\">L\u2019exploraci\u00f3<\/span> <span class=\"OYPEnA text-decoration-none text-strikethrough-none\">amb diferents<\/span> <span class=\"OYPEnA text-decoration-none text-strikethrough-none\">elements i la sorra humida deixa empremtes dibuixades tot creant dibuixos, jugant amb les<\/span> <span class=\"OYPEnA text-decoration-none text-strikethrough-none\">simetries, les formes, seriacions. Una extensi\u00f3 de sorra humida constitueix una superf\u00edcie perfecta para acollir la petjada de qualsevol objecte. \u00c9s una invitaci\u00f3<\/span> <span class=\"OYPEnA text-decoration-none text-strikethrough-none\">oberta a crear una composici\u00f3 visual.<\/span><\/p>\n<p><strong>COLORS<\/strong><\/p>\n<p style=\"text-align: justify;\"><span class=\"OYPEnA text-decoration-none text-strikethrough-none\"><img loading=\"lazy\" decoding=\"async\" class=\"wp-image-8741 alignright\" src=\"https:\/\/agora.xtec.cat\/escolapacocandel\/wp-content\/uploads\/usu332\/2024\/02\/PXL_20240214_144043832-1024x771.jpg\" alt=\"\" width=\"214\" height=\"161\" srcset=\"https:\/\/agora.xtec.cat\/escolapacocandel\/wp-content\/uploads\/usu332\/2024\/02\/PXL_20240214_144043832-1024x771.jpg 1024w, https:\/\/agora.xtec.cat\/escolapacocandel\/wp-content\/uploads\/usu332\/2024\/02\/PXL_20240214_144043832-300x226.jpg 300w, https:\/\/agora.xtec.cat\/escolapacocandel\/wp-content\/uploads\/usu332\/2024\/02\/PXL_20240214_144043832-768x578.jpg 768w, https:\/\/agora.xtec.cat\/escolapacocandel\/wp-content\/uploads\/usu332\/2024\/02\/PXL_20240214_144043832-1536x1157.jpg 1536w, https:\/\/agora.xtec.cat\/escolapacocandel\/wp-content\/uploads\/usu332\/2024\/02\/PXL_20240214_144043832-2048x1542.jpg 2048w, https:\/\/agora.xtec.cat\/escolapacocandel\/wp-content\/uploads\/usu332\/2024\/02\/PXL_20240214_144043832-200x150.jpg 200w\" sizes=\"auto, (max-width: 214px) 100vw, 214px\" \/>Els infants tenen contacte amb diferents sorres a l\u2019escola,<\/span> <span class=\"OYPEnA text-decoration-none text-strikethrough-none\">sorra del pati, de les plantes, de l\u2019hort&#8230; Sorres diferents, de diferents textures i colors. A trav\u00e9s de l\u2019observaci\u00f3 i l\u2019aigua les nenes i nens de la comunitat de petits exploren el color i la textura d\u2019aquestes sorres tot fent barreges. Una gran paleta de colors terra, de marrons, grisos i negres que permeten crear un gran quadre col\u00b7lectiu.<\/span><\/p>\n<p><strong>TRANSFORMACI\u00d3<\/strong><\/p>\n<p><img loading=\"lazy\" decoding=\"async\" class=\"wp-image-8742 alignleft\" style=\"text-align: justify;\" src=\"https:\/\/agora.xtec.cat\/escolapacocandel\/wp-content\/uploads\/usu332\/2024\/02\/20240213_153521-1024x577.jpg\" alt=\"\" width=\"339\" height=\"191\" srcset=\"https:\/\/agora.xtec.cat\/escolapacocandel\/wp-content\/uploads\/usu332\/2024\/02\/20240213_153521-1024x577.jpg 1024w, https:\/\/agora.xtec.cat\/escolapacocandel\/wp-content\/uploads\/usu332\/2024\/02\/20240213_153521-300x169.jpg 300w, https:\/\/agora.xtec.cat\/escolapacocandel\/wp-content\/uploads\/usu332\/2024\/02\/20240213_153521-768x432.jpg 768w, https:\/\/agora.xtec.cat\/escolapacocandel\/wp-content\/uploads\/usu332\/2024\/02\/20240213_153521-1536x865.jpg 1536w, https:\/\/agora.xtec.cat\/escolapacocandel\/wp-content\/uploads\/usu332\/2024\/02\/20240213_153521-2048x1153.jpg 2048w\" sizes=\"auto, (max-width: 339px) 100vw, 339px\" \/><\/p>\n<p style=\"text-align: justify;\"><span class=\"OYPEnA text-decoration-none text-strikethrough-none\">Moltes s\u00f3n les experi\u00e8ncies que els infants tenen amb la sorra, a l\u2019estiu, a la platja, fent castells, al pati, fent pastetes, als bassals un dia de pluja&#8230;\u00a0<\/span><\/p>\n<p style=\"text-align: justify;\"><span class=\"OYPEnA text-decoration-none text-strikethrough-none\">Idees que s\u2019entrellacen i donen forma a una creaci\u00f3 col\u00b7lectiva on les boles s\u00f3n les protagonistes.<\/span><\/p>\n<blockquote>\n<p style=\"text-align: justify;\"><em><span class=\"OYPEnA text-decoration-none text-strikethrough-none\">\u201cLa natura no \u00e9s un entorn dissenyat expressament pel joc, per aix\u00f2 ens obliga a jugar-lo per fer-nos-en propietaris.\u201d <\/span><\/em><span class=\"OYPEnA text-decoration-none text-strikethrough-none\">Andr\u00e9 Stern<\/span><\/p>\n<\/blockquote>\n<p style=\"text-align: justify;\"><span class=\"OYPEnA text-decoration-none text-strikethrough-none\">Comencen amb un grapat de sorra humida ben atape\u00eft i fan una boleta. Com si estiguessin tirant sucre impalpable a una coca de xocolata, ruixen amb sorra seca la piloteta perqu\u00e8 guanyi volum i tornen a agafar m\u00e9s aigua per donar m\u00e9s humitat que doni suport. Van i venen incomptables vegades, dels bassals amb cubells d\u2019aigua. A mesura que la bola creix, m\u00e9s dif\u00edcil \u00e9s que no es trenqui.<\/span><\/p>\n<p><strong>FANG<\/strong><\/p>\n<p style=\"text-align: justify;\"><span class=\"OYPEnA text-decoration-none text-strikethrough-none\"><img loading=\"lazy\" decoding=\"async\" class=\"wp-image-8743 alignright\" src=\"https:\/\/agora.xtec.cat\/escolapacocandel\/wp-content\/uploads\/usu332\/2024\/02\/DSC07443-1024x768.jpg\" alt=\"\" width=\"291\" height=\"219\" srcset=\"https:\/\/agora.xtec.cat\/escolapacocandel\/wp-content\/uploads\/usu332\/2024\/02\/DSC07443-1024x768.jpg 1024w, https:\/\/agora.xtec.cat\/escolapacocandel\/wp-content\/uploads\/usu332\/2024\/02\/DSC07443-300x225.jpg 300w, https:\/\/agora.xtec.cat\/escolapacocandel\/wp-content\/uploads\/usu332\/2024\/02\/DSC07443-768x576.jpg 768w, https:\/\/agora.xtec.cat\/escolapacocandel\/wp-content\/uploads\/usu332\/2024\/02\/DSC07443-1536x1152.jpg 1536w, https:\/\/agora.xtec.cat\/escolapacocandel\/wp-content\/uploads\/usu332\/2024\/02\/DSC07443-2048x1536.jpg 2048w, https:\/\/agora.xtec.cat\/escolapacocandel\/wp-content\/uploads\/usu332\/2024\/02\/DSC07443-200x150.jpg 200w\" sizes=\"auto, (max-width: 291px) 100vw, 291px\" \/>La sorra amb molta aigua<\/span> <span class=\"OYPEnA text-decoration-none text-strikethrough-none\">permet crear fang, un material que a l\u2019escola s\u2019utilitza per a les<\/span> <span class=\"OYPEnA text-decoration-none text-strikethrough-none\">seves possibilitats sensorials i expressives. Sentir la humitat de l\u2019argila a les mans, embrutar-se conscientment, poder deixar rastres\u2026 Experi\u00e8ncies<\/span> <span class=\"OYPEnA text-decoration-none text-strikethrough-none\">que aporten noves maneres d\u2019expressar.<\/span><\/p>\n<p class=\"cvGsUA direction-ltr align-justify para-style-body\"><span class=\"OYPEnA text-decoration-none text-strikethrough-none\">Petits marcs de fusta<\/span> <span class=\"OYPEnA text-decoration-none text-strikethrough-none\">enquadren<\/span> <span class=\"OYPEnA text-decoration-none text-strikethrough-none\">empremtes de diferents elements naturals, un efecte sorprenen quan a pr\u00e9mer en l\u2019argila tova es veuen forats, formes, rastres de moviment.<\/span><\/p>\n<p class=\"cvGsUA direction-ltr align-justify para-style-body\"><em><span class=\"OYPEnA text-decoration-none text-strikethrough-none\">Quina forma deixa una pinya, un pal o una petxina?<\/span><\/em><\/p>\n<p class=\"cvGsUA direction-ltr align-justify para-style-body\"><span class=\"OYPEnA text-decoration-none text-strikethrough-none\">De vegades la forma correspon a l\u2019element, adaptant-se, conservant la seva empremta com un motlle en negatiu. D\u2019altres nom\u00e9s s\u00f3n esquerdes improvisades.<\/span><\/p>\n<p><span class=\"OYPEnA text-decoration-none text-strikethrough-none\">El fang \u00e9s modelable<\/span> <span class=\"OYPEnA text-decoration-none text-strikethrough-none\">per aquesta ra\u00f3 pot adoptar formes<\/span> <span class=\"OYPEnA text-decoration-none text-strikethrough-none\">segons la seva manipulaci\u00f3. Durant aquests dies, petites mans tamb\u00e9 han creat diferents cilindres de fang, tot imitant les formes i la textura dels troncs dels arbres, una manera d&#8217;imitar la natura a trav\u00e9s de la mateixa natura. Un petit bosc d\u2019argila.<\/span><\/p>\n<p><strong>NATURA<\/strong><\/p>\n<p style=\"text-align: justify;\"><span class=\"OYPEnA text-decoration-none text-strikethrough-none\"><img loading=\"lazy\" decoding=\"async\" class=\"wp-image-8745 alignleft\" src=\"https:\/\/agora.xtec.cat\/escolapacocandel\/wp-content\/uploads\/usu332\/2024\/02\/IMG_1700-1024x768.jpg\" alt=\"\" width=\"224\" height=\"168\" srcset=\"https:\/\/agora.xtec.cat\/escolapacocandel\/wp-content\/uploads\/usu332\/2024\/02\/IMG_1700-1024x768.jpg 1024w, https:\/\/agora.xtec.cat\/escolapacocandel\/wp-content\/uploads\/usu332\/2024\/02\/IMG_1700-300x225.jpg 300w, https:\/\/agora.xtec.cat\/escolapacocandel\/wp-content\/uploads\/usu332\/2024\/02\/IMG_1700-768x576.jpg 768w, https:\/\/agora.xtec.cat\/escolapacocandel\/wp-content\/uploads\/usu332\/2024\/02\/IMG_1700-1536x1152.jpg 1536w, https:\/\/agora.xtec.cat\/escolapacocandel\/wp-content\/uploads\/usu332\/2024\/02\/IMG_1700-2048x1536.jpg 2048w, https:\/\/agora.xtec.cat\/escolapacocandel\/wp-content\/uploads\/usu332\/2024\/02\/IMG_1700-200x150.jpg 200w\" sizes=\"auto, (max-width: 224px) 100vw, 224px\" \/><\/span><\/p>\n<p style=\"text-align: justify;\"><span class=\"OYPEnA text-decoration-none text-strikethrough-none\">Tot explorant els diferents materials que provenen de la natura, els infants de tres, quatre i cinc anys esdevenen creadors d\u2019escultures totalment naturals. La combinaci\u00f3 de diferents terres que podem trobar a diferents entorns fan possible la creaci\u00f3 com a elements connectors. Flors, pals, fulles, omplen de color l&#8217;exposici\u00f3 amb petits boscos, animals, cotxes, jardins&#8230;<\/span><\/p>\n<p>&nbsp;<\/p>\n<p><strong>INSTAL\u00b7LACI\u00d3<\/strong><\/p>\n<p style=\"text-align: justify;\"><span class=\"OYPEnA text-decoration-none text-strikethrough-none\"><img loading=\"lazy\" decoding=\"async\" class=\"wp-image-8747 alignleft\" src=\"https:\/\/agora.xtec.cat\/escolapacocandel\/wp-content\/uploads\/usu332\/2024\/02\/IMG_5159.jpg\" alt=\"\" width=\"201\" height=\"268\" srcset=\"https:\/\/agora.xtec.cat\/escolapacocandel\/wp-content\/uploads\/usu332\/2024\/02\/IMG_5159.jpg 668w, https:\/\/agora.xtec.cat\/escolapacocandel\/wp-content\/uploads\/usu332\/2024\/02\/IMG_5159-225x300.jpg 225w\" sizes=\"auto, (max-width: 201px) 100vw, 201px\" \/><\/span><\/p>\n<p style=\"text-align: justify;\"><span class=\"OYPEnA text-decoration-none text-strikethrough-none\">La sala de psicomotricitat aquests dies de Setmana d\u2019Art esdev\u00e9 un escenari de joc i aprenentatge en qu\u00e8 diferents elements predisposats per la sala convida els infants a explorar l\u2019element terra amb la seva interacci\u00f3, el seu cos i en relaci\u00f3 amb els altres. Una est\u00e8tica acurada i pensada, llum, elements al sostre, estris per manipular conviden al joc des d\u2019una altra perspectiva.<\/span> <span class=\"OYPEnA text-decoration-none text-strikethrough-none\">Immobilitat i moviment, lleugeresa i pes.<\/span><\/p>\n<blockquote><p><span class=\"OYPEnA text-decoration-none text-strikethrough-none\">\u201c<\/span><span class=\"OYPEnA text-decoration-none text-strikethrough-none\">Per l\u2019infant, tot pot ser tot, perqu\u00e8 el significat<\/span> <span class=\"OYPEnA text-decoration-none text-strikethrough-none\">est\u00e0 posat en el gest i no en l\u2019objecte.\u201d Vygotsky<\/span><\/p><\/blockquote>\n<h5><\/h5>\n<p>&nbsp;<\/p>\n<h5><strong><span class=\"OYPEnA text-decoration-none text-strikethrough-none\">COMUNITAT DE MITJANES I MITJANS<\/span><\/strong><\/h5>\n<p><img loading=\"lazy\" decoding=\"async\" class=\"wp-image-8751 alignleft\" style=\"text-align: justify;\" src=\"https:\/\/agora.xtec.cat\/escolapacocandel\/wp-content\/uploads\/usu332\/2024\/02\/IMG_9929-scaled-e1708427819684-1024x939.jpg\" alt=\"\" width=\"213\" height=\"195\" srcset=\"https:\/\/agora.xtec.cat\/escolapacocandel\/wp-content\/uploads\/usu332\/2024\/02\/IMG_9929-scaled-e1708427819684-1024x939.jpg 1024w, https:\/\/agora.xtec.cat\/escolapacocandel\/wp-content\/uploads\/usu332\/2024\/02\/IMG_9929-scaled-e1708427819684-300x275.jpg 300w, https:\/\/agora.xtec.cat\/escolapacocandel\/wp-content\/uploads\/usu332\/2024\/02\/IMG_9929-scaled-e1708427819684-768x704.jpg 768w, https:\/\/agora.xtec.cat\/escolapacocandel\/wp-content\/uploads\/usu332\/2024\/02\/IMG_9929-scaled-e1708427819684-1536x1408.jpg 1536w, https:\/\/agora.xtec.cat\/escolapacocandel\/wp-content\/uploads\/usu332\/2024\/02\/IMG_9929-scaled-e1708427819684.jpg 1838w\" sizes=\"auto, (max-width: 213px) 100vw, 213px\" \/><\/p>\n<p><strong><span class=\"OYPEnA text-decoration-none text-strikethrough-none\">LA NATURA, ELEMENT DE CREACI\u00d3<\/span><\/strong><\/p>\n<p style=\"text-align: justify;\"><span class=\"OYPEnA text-decoration-none text-strikethrough-none\">La natura ens permet concebre a l\u2019infant com un \u00e9sser productor i creador, sent c<\/span><span class=\"OYPEnA text-decoration-none text-strikethrough-none\">apa\u00e7 de valorar el proc\u00e9s creatiu i descobrir el plaer de connectar i crear gr\u00e0cies als <\/span><strong><span class=\"OYPEnA text-decoration-none text-strikethrough-none\">ELEMENTS NATURALS<\/span><\/strong><span class=\"OYPEnA text-decoration-none text-strikethrough-none\">. <\/span><span class=\"OYPEnA text-decoration-none text-strikethrough-none\">La confecci\u00f3 de diferents mandales ha estat l\u2019espurna que ens ha portat a la creaci\u00f3 de tres processos art\u00edstics.<\/span><\/p>\n<p>&nbsp;<\/p>\n<p style=\"font-family: 'Helvetica Neue', Helvetica, Helvetica, Arial, sans-serif; font-size: 16px;\"><img loading=\"lazy\" decoding=\"async\" class=\"wp-image-8752 alignright\" style=\"text-align: justify;\" src=\"https:\/\/agora.xtec.cat\/escolapacocandel\/wp-content\/uploads\/usu332\/2024\/02\/IMG_1159-768x1024.jpg\" alt=\"\" width=\"182\" height=\"243\" srcset=\"https:\/\/agora.xtec.cat\/escolapacocandel\/wp-content\/uploads\/usu332\/2024\/02\/IMG_1159-768x1024.jpg 768w, https:\/\/agora.xtec.cat\/escolapacocandel\/wp-content\/uploads\/usu332\/2024\/02\/IMG_1159-225x300.jpg 225w, https:\/\/agora.xtec.cat\/escolapacocandel\/wp-content\/uploads\/usu332\/2024\/02\/IMG_1159-1152x1536.jpg 1152w, https:\/\/agora.xtec.cat\/escolapacocandel\/wp-content\/uploads\/usu332\/2024\/02\/IMG_1159-1536x2048.jpg 1536w, https:\/\/agora.xtec.cat\/escolapacocandel\/wp-content\/uploads\/usu332\/2024\/02\/IMG_1159-scaled.jpg 1920w\" sizes=\"auto, (max-width: 182px) 100vw, 182px\" \/><img loading=\"lazy\" decoding=\"async\" class=\"wp-image-8757 alignright\" style=\"text-align: justify;\" src=\"https:\/\/agora.xtec.cat\/escolapacocandel\/wp-content\/uploads\/usu332\/2024\/02\/IMG_1155-768x1024.jpg\" alt=\"\" width=\"181\" height=\"241\" srcset=\"https:\/\/agora.xtec.cat\/escolapacocandel\/wp-content\/uploads\/usu332\/2024\/02\/IMG_1155-768x1024.jpg 768w, https:\/\/agora.xtec.cat\/escolapacocandel\/wp-content\/uploads\/usu332\/2024\/02\/IMG_1155-225x300.jpg 225w, https:\/\/agora.xtec.cat\/escolapacocandel\/wp-content\/uploads\/usu332\/2024\/02\/IMG_1155-1152x1536.jpg 1152w, https:\/\/agora.xtec.cat\/escolapacocandel\/wp-content\/uploads\/usu332\/2024\/02\/IMG_1155-1536x2048.jpg 1536w, https:\/\/agora.xtec.cat\/escolapacocandel\/wp-content\/uploads\/usu332\/2024\/02\/IMG_1155-scaled.jpg 1920w\" sizes=\"auto, (max-width: 181px) 100vw, 181px\" \/><\/p>\n<p style=\"font-family: 'Helvetica Neue', Helvetica, Helvetica, Arial, sans-serif; font-size: 16px;\"><strong><span class=\"OYPEnA text-decoration-none text-strikethrough-none\">NATURA PENJANT<\/span><\/strong><\/p>\n<p style=\"font-family: 'Helvetica Neue', Helvetica, Helvetica, Arial, sans-serif; font-size: 16px; text-align: justify;\">Els fils i les cordes cobren vida, entrella\u00e7ant-se amb elements naturals on la creaci\u00f3 de figures ha perm\u00e8s fer obres en moviment. Petxines, pinyes i branques s\u00f3n els protagonistes d\u2019aquestes obres on les mans han estat les executores de pensaments, idees i creativitat tot omplint l\u2019escola de color i dinamisme.<\/p>\n<h5><\/h5>\n<p>&nbsp;<\/p>\n<h5><img loading=\"lazy\" decoding=\"async\" class=\"wp-image-8763 alignright\" src=\"https:\/\/agora.xtec.cat\/escolapacocandel\/wp-content\/uploads\/usu332\/2024\/02\/20240220_124052-1024x462.jpg\" alt=\"\" width=\"352\" height=\"159\" srcset=\"https:\/\/agora.xtec.cat\/escolapacocandel\/wp-content\/uploads\/usu332\/2024\/02\/20240220_124052-1024x462.jpg 1024w, https:\/\/agora.xtec.cat\/escolapacocandel\/wp-content\/uploads\/usu332\/2024\/02\/20240220_124052-300x135.jpg 300w, https:\/\/agora.xtec.cat\/escolapacocandel\/wp-content\/uploads\/usu332\/2024\/02\/20240220_124052-768x346.jpg 768w, https:\/\/agora.xtec.cat\/escolapacocandel\/wp-content\/uploads\/usu332\/2024\/02\/20240220_124052-1536x692.jpg 1536w, https:\/\/agora.xtec.cat\/escolapacocandel\/wp-content\/uploads\/usu332\/2024\/02\/20240220_124052-2048x923.jpg 2048w\" sizes=\"auto, (max-width: 352px) 100vw, 352px\" \/><\/h5>\n<p><strong>NATURA PLASMADA<\/strong><\/p>\n<p style=\"text-align: justify;\"><span class=\"OYPEnA text-decoration-none text-strikethrough-none\">L\u2019experimentaci\u00f3 sensorial amb les flors, les fulles i les branques ha esdevingut un proc\u00e9s creatiu plasmat en una superf\u00edcie plana i transparent deixant entreveure la natura m\u00e9s propera.<\/span> <span class=\"OYPEnA text-decoration-none text-strikethrough-none\">Emmarcant i omplint les parets de l\u2019escola de natura, de fora al dins.<\/span><\/p>\n<p>&nbsp;<\/p>\n<h5><img loading=\"lazy\" decoding=\"async\" class=\"wp-image-8762 alignright\" src=\"https:\/\/agora.xtec.cat\/escolapacocandel\/wp-content\/uploads\/usu332\/2024\/02\/IMG-20240220-WA0001-1024x768.jpg\" alt=\"\" width=\"263\" height=\"197\" srcset=\"https:\/\/agora.xtec.cat\/escolapacocandel\/wp-content\/uploads\/usu332\/2024\/02\/IMG-20240220-WA0001-1024x768.jpg 1024w, https:\/\/agora.xtec.cat\/escolapacocandel\/wp-content\/uploads\/usu332\/2024\/02\/IMG-20240220-WA0001-300x225.jpg 300w, https:\/\/agora.xtec.cat\/escolapacocandel\/wp-content\/uploads\/usu332\/2024\/02\/IMG-20240220-WA0001-768x576.jpg 768w, https:\/\/agora.xtec.cat\/escolapacocandel\/wp-content\/uploads\/usu332\/2024\/02\/IMG-20240220-WA0001-1536x1152.jpg 1536w, https:\/\/agora.xtec.cat\/escolapacocandel\/wp-content\/uploads\/usu332\/2024\/02\/IMG-20240220-WA0001-200x150.jpg 200w, https:\/\/agora.xtec.cat\/escolapacocandel\/wp-content\/uploads\/usu332\/2024\/02\/IMG-20240220-WA0001.jpg 1600w\" sizes=\"auto, (max-width: 263px) 100vw, 263px\" \/><\/h5>\n<p><strong><span class=\"OYPEnA text-decoration-none text-strikethrough-none\">NATURA E<\/span><\/strong><strong style=\"font-family: inherit; font-size: 1em;\"><span class=\"OYPEnA text-decoration-none text-strikethrough-none\">N 3D. L&#8217;EVOLUCI\u00d3 I LA TRANSFORMACI\u00d3 DEL FANG<\/span><\/strong><\/p>\n<p style=\"text-align: justify;\"><span class=\"OYPEnA text-decoration-none text-strikethrough-none\">El fang esdev\u00e9 un llen\u00e7 blanc on els infants de sis, set, vuit i nou anys plasmen les diferents formes de la natura. Fulles i branques cobren vida i volum per donar cabuda a un nou element que romandr\u00e0 permanent.\u00a0<\/span><span class=\"OYPEnA text-decoration-none text-strikethrough-none\">Detalls que passen desapercebuts per a la mirada es mostren en aquesta nova superf\u00edcie.<\/span><\/p>\n<h5><\/h5>\n<h5><strong><span class=\"OYPEnA text-decoration-none text-strikethrough-none\">COMUNITAT DE GRANS<\/span><\/strong><\/h5>\n<p><strong><span class=\"OYPEnA text-decoration-none text-strikethrough-none\">LAND ART, EL PAISATGE COM A LLEN\u00c7<\/span> <\/strong><\/p>\n<p class=\"cvGsUA direction-ltr align-justify para-style-body\" style=\"text-align: justify;\"><span class=\"OYPEnA text-decoration-none text-strikethrough-none\">La relaci\u00f3 de la fotografia amb la natura \u00e9s l\u2019exposici\u00f3 que els infants de la comunitat de grans han estat duent a terme durant la setmana. <\/span><span class=\"OYPEnA text-decoration-none text-strikethrough-none\">Aquesta combinaci\u00f3<\/span> <span class=\"OYPEnA text-decoration-none text-strikethrough-none\">acull aquesta exposici\u00f3 distribu\u00efda en captura\u2019t, l\u2019art blau i En &#8211; marc.\u00a0<\/span><span class=\"OYPEnA text-decoration-none text-strikethrough-none\">La mostra presenta una selecci\u00f3 d\u2019obres de totes les disciplines, pintura i fotografia i amb noms com Robert Smithson, Anna Atkins, Giuseppe Arcimboldo&#8230;<\/span><\/p>\n<p><img loading=\"lazy\" decoding=\"async\" class=\" wp-image-8770 alignleft\" style=\"text-align: justify;\" src=\"https:\/\/agora.xtec.cat\/escolapacocandel\/wp-content\/uploads\/usu332\/2024\/02\/IMG_1250-1-1024x768.jpg\" alt=\"\" width=\"264\" height=\"198\" srcset=\"https:\/\/agora.xtec.cat\/escolapacocandel\/wp-content\/uploads\/usu332\/2024\/02\/IMG_1250-1-1024x768.jpg 1024w, https:\/\/agora.xtec.cat\/escolapacocandel\/wp-content\/uploads\/usu332\/2024\/02\/IMG_1250-1-300x225.jpg 300w, https:\/\/agora.xtec.cat\/escolapacocandel\/wp-content\/uploads\/usu332\/2024\/02\/IMG_1250-1-768x576.jpg 768w, https:\/\/agora.xtec.cat\/escolapacocandel\/wp-content\/uploads\/usu332\/2024\/02\/IMG_1250-1-1536x1152.jpg 1536w, https:\/\/agora.xtec.cat\/escolapacocandel\/wp-content\/uploads\/usu332\/2024\/02\/IMG_1250-1-2048x1536.jpg 2048w, https:\/\/agora.xtec.cat\/escolapacocandel\/wp-content\/uploads\/usu332\/2024\/02\/IMG_1250-1-200x150.jpg 200w\" sizes=\"auto, (max-width: 264px) 100vw, 264px\" \/><\/p>\n<p><strong><span class=\"OYPEnA text-decoration-none text-strikethrough-none\">CAPTURA\u2019T. FOTOGRAFIA LANDART<\/span><\/strong><\/p>\n<p class=\"cvGsUA direction-ltr align-justify para-style-body\" style=\"text-align: justify;\"><span class=\"OYPEnA text-decoration-none text-strikethrough-none\">La fotografia esdev\u00e9 el motor per plasmar la natura com a escenari principal. Aqu\u00ed, l&#8217;infant emergeix com el protagonista indiscutible formant part i donant vida a formes creatives mitjan\u00e7ant la disposici\u00f3 d&#8217;elements naturals. <\/span><span class=\"OYPEnA text-decoration-none text-strikethrough-none\">Les obres deixen entreveure els lligams afectius que els infants tenen entre ells.<\/span><\/p>\n<p>&nbsp;<\/p>\n<p>&nbsp;<\/p>\n<p><strong>L&#8217;ART BLAU<\/strong><\/p>\n<p class=\"cvGsUA direction-ltr align-justify para-style-body\" style=\"text-align: justify;\"><span class=\"OYPEnA text-decoration-none text-strikethrough-none\">La <\/span><strong><span class=\"OYPEnA text-decoration-none text-strikethrough-none\">CIANOT\u00cdPIA<\/span> <\/strong><span class=\"OYPEnA text-decoration-none text-strikethrough-none\">ha perm\u00e8s als infants de nou, deu, onze i dotze anys documentar les plantes sense necessitat de dibuixar-les. <\/span><span class=\"OYPEnA text-decoration-none text-strikethrough-none\">La llum del sol ha fet creat la reacci\u00f3 de color, deixant entreveure el blau de Pr\u00fassia. <\/span><\/p>\n<p class=\"cvGsUA direction-ltr align-justify para-style-body\" style=\"text-align: justify;\"><span class=\"OYPEnA text-decoration-none text-strikethrough-none\">Mans que amb precisi\u00f3 han seguit un proc\u00e9s de creaci\u00f3 delicat i acurat.\u00a0<\/span><\/p>\n<blockquote><p><span class=\"OYPEnA text-decoration-none text-strikethrough-none\">&#8220;Segueix el cam\u00ed de la natura, el seu secret \u00e9s la paci\u00e8ncia.&#8221; Ralph Waldo Emerson<\/span><\/p><\/blockquote>\n<p><img loading=\"lazy\" decoding=\"async\" class=\"wp-image-8766 alignleft\" style=\"text-align: justify;\" src=\"https:\/\/agora.xtec.cat\/escolapacocandel\/wp-content\/uploads\/usu332\/2024\/02\/IMG_2507.jpg\" alt=\"\" width=\"230\" height=\"306\" srcset=\"https:\/\/agora.xtec.cat\/escolapacocandel\/wp-content\/uploads\/usu332\/2024\/02\/IMG_2507.jpg 668w, https:\/\/agora.xtec.cat\/escolapacocandel\/wp-content\/uploads\/usu332\/2024\/02\/IMG_2507-225x300.jpg 225w\" sizes=\"auto, (max-width: 230px) 100vw, 230px\" \/><img loading=\"lazy\" decoding=\"async\" class=\"wp-image-8768 alignleft\" src=\"https:\/\/agora.xtec.cat\/escolapacocandel\/wp-content\/uploads\/usu332\/2024\/02\/IMG_1269-768x1024.jpg\" alt=\"\" width=\"231\" height=\"308\" srcset=\"https:\/\/agora.xtec.cat\/escolapacocandel\/wp-content\/uploads\/usu332\/2024\/02\/IMG_1269-768x1024.jpg 768w, https:\/\/agora.xtec.cat\/escolapacocandel\/wp-content\/uploads\/usu332\/2024\/02\/IMG_1269-225x300.jpg 225w, https:\/\/agora.xtec.cat\/escolapacocandel\/wp-content\/uploads\/usu332\/2024\/02\/IMG_1269-1152x1536.jpg 1152w, https:\/\/agora.xtec.cat\/escolapacocandel\/wp-content\/uploads\/usu332\/2024\/02\/IMG_1269-1536x2048.jpg 1536w, https:\/\/agora.xtec.cat\/escolapacocandel\/wp-content\/uploads\/usu332\/2024\/02\/IMG_1269-scaled.jpg 1920w\" sizes=\"auto, (max-width: 231px) 100vw, 231px\" \/><\/p>\n<p><img loading=\"lazy\" decoding=\"async\" class=\"wp-image-8767 alignleft\" style=\"text-align: justify;\" src=\"https:\/\/agora.xtec.cat\/escolapacocandel\/wp-content\/uploads\/usu332\/2024\/02\/IMG_2441.jpg\" alt=\"\" width=\"230\" height=\"306\" srcset=\"https:\/\/agora.xtec.cat\/escolapacocandel\/wp-content\/uploads\/usu332\/2024\/02\/IMG_2441.jpg 668w, https:\/\/agora.xtec.cat\/escolapacocandel\/wp-content\/uploads\/usu332\/2024\/02\/IMG_2441-225x300.jpg 225w\" sizes=\"auto, (max-width: 230px) 100vw, 230px\" \/><\/p>\n<p>&nbsp;<\/p>\n<p>&nbsp;<\/p>\n<p>&nbsp;<\/p>\n<p>&nbsp;<\/p>\n<p>&nbsp;<\/p>\n<p>&nbsp;<\/p>\n<p>&nbsp;<\/p>\n<p>&nbsp;<\/p>\n<p><strong>EN-MARC<\/strong><\/p>\n<p>El temps fa que la natura es transformi, moltes vegades un segon \u00e9s suficient perqu\u00e8 s\u2019obri una flor. En aquesta proposta el fet ef\u00edmer es plasma perqu\u00e8 quedi permanent en quadres naturals, on elements del nostre entorn s\u00f3n els protagonistes.<\/p>\n<h4><strong><span class=\"OYPEnA text-decoration-none text-strikethrough-none\">COL\u00b7LABORACI\u00d3 ARTISTA: V\u00cdCTOR MATA<\/span><\/strong><\/h4>\n<p style=\"text-align: justify;\">Enguany, l\u2019artista convidat aquesta Setmana d\u2019Art \u00e9s l\u2019historiador i artista V\u00cdCTOR MATA, el qual ha participat en diverses biennals, festivals i trobades internacionals de land art, a m\u00e9s de coordinar projectes educatius d&#8217;art amb la natura.<br \/>\nLa seva obra parteix dels elements que la natura recicla i descompon: fulles, branques, troncs, vegetaci\u00f3, pedres, terra, aigua, sal, ombra, llum, foc, cendra.<\/p>\n<p style=\"text-align: justify;\"><span class=\"OYPEnA text-decoration-none text-strikethrough-none\">El pati de l&#8217;escola ha esdevingut un gran llen\u00e7 on els infants juntament amb l\u2019artista han creat una gran obra col\u00b7lectiva, un bosc realitzat amb elements naturals i pigments, un m\u00f3n natural que es veu, per\u00f2 que tamb\u00e9 t\u00e9 vida en les arrels.<\/span><\/p>\n<p style=\"text-align: justify;\"><span class=\"OYPEnA text-decoration-none text-strikethrough-none\">&#8230; Per qu\u00e8 no interactuar amb el material nom\u00e9s relacionant-nos amb l&#8217;entorn, buscant connexions a trav\u00e9s de les formes que el context ens suggereix&#8230;<\/span><\/p>\n<p style=\"text-align: justify;\"><span class=\"OYPEnA text-decoration-none text-strikethrough-none\">Tamb\u00e9 per a cadasc\u00fa de nosaltres la mat\u00e8ria pot esdevenir<\/span> <span class=\"OYPEnA text-decoration-none text-strikethrough-none\">una eina per ajudar el nostre pensament a expressar-se i \u201cprendre forma\u201d a trav\u00e9s de met\u00e0fores significatives.<\/span><\/p>\n<blockquote>\n<p class=\"cvGsUA direction-ltr align-center para-style-body\" style=\"text-align: justify;\"><em><span class=\"OYPEnA text-decoration-none text-strikethrough-none\">&#8220;Existeix en aquest m\u00f3n <\/span><span class=\"OYPEnA text-decoration-none text-strikethrough-none\">incolor, ins\u00edpid,\u00a0<\/span><\/em><span class=\"OYPEnA text-decoration-none text-strikethrough-none\"><em>sense so, inodor i indolor.&#8221;<\/em> Wis\u0142awa Szymborska<\/span><\/p>\n<\/blockquote>\n<p><img loading=\"lazy\" decoding=\"async\" class=\"alignnone size-large wp-image-8772\" src=\"https:\/\/agora.xtec.cat\/escolapacocandel\/wp-content\/uploads\/usu332\/2024\/02\/IMG-20240220-WA0004-1024x576.jpg\" alt=\"\" width=\"1024\" height=\"576\" srcset=\"https:\/\/agora.xtec.cat\/escolapacocandel\/wp-content\/uploads\/usu332\/2024\/02\/IMG-20240220-WA0004-1024x576.jpg 1024w, https:\/\/agora.xtec.cat\/escolapacocandel\/wp-content\/uploads\/usu332\/2024\/02\/IMG-20240220-WA0004-300x169.jpg 300w, https:\/\/agora.xtec.cat\/escolapacocandel\/wp-content\/uploads\/usu332\/2024\/02\/IMG-20240220-WA0004-768x432.jpg 768w, https:\/\/agora.xtec.cat\/escolapacocandel\/wp-content\/uploads\/usu332\/2024\/02\/IMG-20240220-WA0004-1536x864.jpg 1536w, https:\/\/agora.xtec.cat\/escolapacocandel\/wp-content\/uploads\/usu332\/2024\/02\/IMG-20240220-WA0004.jpg 1600w\" sizes=\"auto, (max-width: 1024px) 100vw, 1024px\" \/><\/p>\n<p>&nbsp;<\/p>\n<blockquote class=\"wp-embedded-content\" data-secret=\"5zbp29n2qx\"><p><a href=\"https:\/\/agora.xtec.cat\/escolapacocandel\/fotos-privat\/fotos-setmana-dart-petits-i-petites\/\">Protegit: Fotos setmana d&#8217;art petits i petites<\/a><\/p><\/blockquote>\n<p><iframe loading=\"lazy\" class=\"wp-embedded-content\" sandbox=\"allow-scripts\" security=\"restricted\" style=\"position: absolute; clip: rect(1px, 1px, 1px, 1px);\" title=\"&#8220;Protegit: Fotos setmana d&#8217;art petits i petites&#8221; &#8212; Escola Paco Candel\" src=\"https:\/\/agora.xtec.cat\/escolapacocandel\/fotos-privat\/fotos-setmana-dart-petits-i-petites\/embed\/#?secret=Y8nAMVnP2y#?secret=5zbp29n2qx\" data-secret=\"5zbp29n2qx\" width=\"500\" height=\"282\" frameborder=\"0\" marginwidth=\"0\" marginheight=\"0\" scrolling=\"no\"><\/iframe><\/p>\n<blockquote class=\"wp-embedded-content\" data-secret=\"uCmGwlxxV7\"><p><a href=\"https:\/\/agora.xtec.cat\/escolapacocandel\/fotos-privat\/fotos-setmana-dart-mitjanes-i-mitjans\/\">Protegit: Fotos setmana d&#8217;art mitjanes i mitjans<\/a><\/p><\/blockquote>\n<p><iframe loading=\"lazy\" class=\"wp-embedded-content\" sandbox=\"allow-scripts\" security=\"restricted\" style=\"position: absolute; clip: rect(1px, 1px, 1px, 1px);\" title=\"&#8220;Protegit: Fotos setmana d&#8217;art mitjanes i mitjans&#8221; &#8212; Escola Paco Candel\" src=\"https:\/\/agora.xtec.cat\/escolapacocandel\/fotos-privat\/fotos-setmana-dart-mitjanes-i-mitjans\/embed\/#?secret=baQg8VRJu5#?secret=uCmGwlxxV7\" data-secret=\"uCmGwlxxV7\" width=\"500\" height=\"282\" frameborder=\"0\" marginwidth=\"0\" marginheight=\"0\" scrolling=\"no\"><\/iframe><\/p>\n<blockquote class=\"wp-embedded-content\" data-secret=\"OCRca67wZJ\"><p><a href=\"https:\/\/agora.xtec.cat\/escolapacocandel\/fotos-privat\/fotos-setmana-dart-grans\/\">Protegit: Fotos setmana d&#8217;art Grans<\/a><\/p><\/blockquote>\n<p><iframe loading=\"lazy\" class=\"wp-embedded-content\" sandbox=\"allow-scripts\" security=\"restricted\" style=\"position: absolute; clip: rect(1px, 1px, 1px, 1px);\" title=\"&#8220;Protegit: Fotos setmana d&#8217;art Grans&#8221; &#8212; Escola Paco Candel\" src=\"https:\/\/agora.xtec.cat\/escolapacocandel\/fotos-privat\/fotos-setmana-dart-grans\/embed\/#?secret=aHImcp21Z8#?secret=OCRca67wZJ\" data-secret=\"OCRca67wZJ\" width=\"500\" height=\"282\" frameborder=\"0\" marginwidth=\"0\" marginheight=\"0\" scrolling=\"no\"><\/iframe><\/p>\n<blockquote class=\"wp-embedded-content\" data-secret=\"a8iZxqE9uK\"><p><a href=\"https:\/\/agora.xtec.cat\/escolapacocandel\/fotos-privat\/video-installacio\/\">Protegit: V\u00eddeo instal\u00b7laci\u00f3<\/a><\/p><\/blockquote>\n<p><iframe loading=\"lazy\" class=\"wp-embedded-content\" sandbox=\"allow-scripts\" security=\"restricted\" style=\"position: absolute; clip: rect(1px, 1px, 1px, 1px);\" title=\"&#8220;Protegit: V\u00eddeo instal\u00b7laci\u00f3&#8221; &#8212; Escola Paco Candel\" src=\"https:\/\/agora.xtec.cat\/escolapacocandel\/fotos-privat\/video-installacio\/embed\/#?secret=ETUc1pzGYE#?secret=a8iZxqE9uK\" data-secret=\"a8iZxqE9uK\" width=\"500\" height=\"282\" frameborder=\"0\" marginwidth=\"0\" marginheight=\"0\" scrolling=\"no\"><\/iframe><\/p>\n","protected":false},"excerpt":{"rendered":"<p>L&#8216;Art de la Terra considera el paisatge natural en un lloc de trobada, en un medi que serveix de context per albergar l&#8217;obra d&#8217;art, transformant-lo en escenari que alhora inspira, emmarca i justifica la creaci\u00f3 art\u00edstica. Des de temps immemorials l&#8217;\u00e9sser hum\u00e0 ha buscat interactuar&hellip;  <a href=\"https:\/\/agora.xtec.cat\/escolapacocandel\/portada\/setmana-dart-art-natura-i-escola\/\" title=\"Read Setmana d&#8217;art: Art, Natura i Escola\">Llegeix m\u00e9s\u00bb<\/a><\/p>\n","protected":false},"author":1,"featured_media":8751,"comment_status":"open","ping_status":"closed","sticky":false,"template":"","format":"standard","meta":{"_bbp_topic_count":0,"_bbp_reply_count":0,"_bbp_total_topic_count":0,"_bbp_total_reply_count":0,"_bbp_voice_count":0,"_bbp_anonymous_reply_count":0,"_bbp_topic_count_hidden":0,"_bbp_reply_count_hidden":0,"_bbp_forum_subforum_count":0,"footnotes":""},"categories":[182,183,196,144,129,127,128,4,140,143,137,146,141],"tags":[],"class_list":["post-8734","post","type-post","status-publish","format-standard","has-post-thumbnail","hentry","category-3-anys","category-4-anys","category-5-anys","category-5e","category-comunitat-de-grans","category-comunitat-de-mitjans","category-comunitat-de-petits","category-portada","category-1r","category-4t","category-2n","category-6e","category-3r"],"post_mailing_queue_ids":[],"_links":{"self":[{"href":"https:\/\/agora.xtec.cat\/escolapacocandel\/wp-json\/wp\/v2\/posts\/8734","targetHints":{"allow":["GET"]}}],"collection":[{"href":"https:\/\/agora.xtec.cat\/escolapacocandel\/wp-json\/wp\/v2\/posts"}],"about":[{"href":"https:\/\/agora.xtec.cat\/escolapacocandel\/wp-json\/wp\/v2\/types\/post"}],"author":[{"embeddable":true,"href":"https:\/\/agora.xtec.cat\/escolapacocandel\/wp-json\/wp\/v2\/users\/1"}],"replies":[{"embeddable":true,"href":"https:\/\/agora.xtec.cat\/escolapacocandel\/wp-json\/wp\/v2\/comments?post=8734"}],"version-history":[{"count":6,"href":"https:\/\/agora.xtec.cat\/escolapacocandel\/wp-json\/wp\/v2\/posts\/8734\/revisions"}],"predecessor-version":[{"id":9010,"href":"https:\/\/agora.xtec.cat\/escolapacocandel\/wp-json\/wp\/v2\/posts\/8734\/revisions\/9010"}],"wp:featuredmedia":[{"embeddable":true,"href":"https:\/\/agora.xtec.cat\/escolapacocandel\/wp-json\/wp\/v2\/media\/8751"}],"wp:attachment":[{"href":"https:\/\/agora.xtec.cat\/escolapacocandel\/wp-json\/wp\/v2\/media?parent=8734"}],"wp:term":[{"taxonomy":"category","embeddable":true,"href":"https:\/\/agora.xtec.cat\/escolapacocandel\/wp-json\/wp\/v2\/categories?post=8734"},{"taxonomy":"post_tag","embeddable":true,"href":"https:\/\/agora.xtec.cat\/escolapacocandel\/wp-json\/wp\/v2\/tags?post=8734"}],"curies":[{"name":"wp","href":"https:\/\/api.w.org\/{rel}","templated":true}]}}