{"id":8648,"date":"2024-02-15T11:10:15","date_gmt":"2024-02-15T10:10:15","guid":{"rendered":"https:\/\/agora.xtec.cat\/escolapacocandel\/?p=8648"},"modified":"2024-02-26T10:23:32","modified_gmt":"2024-02-26T09:23:32","slug":"sortida-cosmocaixa-i5-curs-2023-2024","status":"publish","type":"post","link":"https:\/\/agora.xtec.cat\/escolapacocandel\/comunitat-de-petits\/sortida-cosmocaixa-i5-curs-2023-2024\/","title":{"rendered":"Sortida Cosmocaixa I5 Curs 2023-2024"},"content":{"rendered":"<p>El darrer dimarts 6 de febrer els grups d&#8217;I5 van anar de sortida al Cosmocaixa. All\u00e0 van portar a terme una activitat de sons on van descobrir que el so viatja per l&#8217;aire i van escoltar diferents sons del cos amb endoscopis.<\/p>\n<p><a href=\"https:\/\/agora.xtec.cat\/escolapacocandel\/wp-content\/uploads\/usu332\/2024\/02\/sons.png\"><img loading=\"lazy\" decoding=\"async\" class=\"alignnone size-medium wp-image-8650\" src=\"https:\/\/agora.xtec.cat\/escolapacocandel\/wp-content\/uploads\/usu332\/2024\/02\/sons-300x240.png\" alt=\"\" width=\"300\" height=\"240\" srcset=\"https:\/\/agora.xtec.cat\/escolapacocandel\/wp-content\/uploads\/usu332\/2024\/02\/sons-300x240.png 300w, https:\/\/agora.xtec.cat\/escolapacocandel\/wp-content\/uploads\/usu332\/2024\/02\/sons.png 511w\" sizes=\"auto, (max-width: 300px) 100vw, 300px\" \/><\/a><\/p>\n<p>A m\u00e9s, van explorar el Bosc inundat, van veure una infinitat d&#8217;animals marins i van gaudir d&#8217;un recorregut cient\u00edfic. Per acabar de completar aquesta experi\u00e8ncia, van fer una visita a l&#8217;exposici\u00f3 de dinosaures en la qual van poder veure des de l&#8217;esquelet del dinosaure m\u00e9s gran al m\u00e9s petit.<\/p>\n<p>Un dia ple d&#8217;aventures!<\/p>\n<p>Aqu\u00ed us deixem un tastet de fotos:<\/p>\n<p><a href=\"https:\/\/agora.xtec.cat\/escolapacocandel\/fotos-privat\/fotos-sortida-cosmocaixa-5-anys\/\">https:\/\/agora.xtec.cat\/escolapacocandel\/fotos-privat\/fotos-sortida-cosmocaixa-5-anys\/<\/a><\/p>\n","protected":false},"excerpt":{"rendered":"<p>El darrer dimarts 6 de febrer els grups d&#8217;I5 van anar de sortida al Cosmocaixa. All\u00e0 van portar a terme una activitat de sons on van descobrir que el so viatja per l&#8217;aire i van escoltar diferents sons del cos amb endoscopis.<br \/>\n<a href=\"https:\/\/agora.xtec.cat\/escolapacocandel\/wp-content\/uploads\/usu332\/2024\/02\/sons.png\"><\/a><br \/>\nA m\u00e9s, van&hellip;  <a href=\"https:\/\/agora.xtec.cat\/escolapacocandel\/comunitat-de-petits\/sortida-cosmocaixa-i5-curs-2023-2024\/\" title=\"Read Sortida Cosmocaixa I5 Curs 2023-2024\">Llegeix m\u00e9s\u00bb<\/a><\/p>\n","protected":false},"author":1,"featured_media":8649,"comment_status":"open","ping_status":"closed","sticky":false,"template":"","format":"standard","meta":{"_bbp_topic_count":0,"_bbp_reply_count":0,"_bbp_total_topic_count":0,"_bbp_total_reply_count":0,"_bbp_voice_count":0,"_bbp_anonymous_reply_count":0,"_bbp_topic_count_hidden":0,"_bbp_reply_count_hidden":0,"_bbp_forum_subforum_count":0,"footnotes":""},"categories":[196,128],"tags":[],"class_list":["post-8648","post","type-post","status-publish","format-standard","has-post-thumbnail","hentry","category-5-anys","category-comunitat-de-petits"],"post_mailing_queue_ids":[],"_links":{"self":[{"href":"https:\/\/agora.xtec.cat\/escolapacocandel\/wp-json\/wp\/v2\/posts\/8648","targetHints":{"allow":["GET"]}}],"collection":[{"href":"https:\/\/agora.xtec.cat\/escolapacocandel\/wp-json\/wp\/v2\/posts"}],"about":[{"href":"https:\/\/agora.xtec.cat\/escolapacocandel\/wp-json\/wp\/v2\/types\/post"}],"author":[{"embeddable":true,"href":"https:\/\/agora.xtec.cat\/escolapacocandel\/wp-json\/wp\/v2\/users\/1"}],"replies":[{"embeddable":true,"href":"https:\/\/agora.xtec.cat\/escolapacocandel\/wp-json\/wp\/v2\/comments?post=8648"}],"version-history":[{"count":2,"href":"https:\/\/agora.xtec.cat\/escolapacocandel\/wp-json\/wp\/v2\/posts\/8648\/revisions"}],"predecessor-version":[{"id":8652,"href":"https:\/\/agora.xtec.cat\/escolapacocandel\/wp-json\/wp\/v2\/posts\/8648\/revisions\/8652"}],"wp:featuredmedia":[{"embeddable":true,"href":"https:\/\/agora.xtec.cat\/escolapacocandel\/wp-json\/wp\/v2\/media\/8649"}],"wp:attachment":[{"href":"https:\/\/agora.xtec.cat\/escolapacocandel\/wp-json\/wp\/v2\/media?parent=8648"}],"wp:term":[{"taxonomy":"category","embeddable":true,"href":"https:\/\/agora.xtec.cat\/escolapacocandel\/wp-json\/wp\/v2\/categories?post=8648"},{"taxonomy":"post_tag","embeddable":true,"href":"https:\/\/agora.xtec.cat\/escolapacocandel\/wp-json\/wp\/v2\/tags?post=8648"}],"curies":[{"name":"wp","href":"https:\/\/api.w.org\/{rel}","templated":true}]}}