{"id":8639,"date":"2024-02-22T11:49:47","date_gmt":"2024-02-22T10:49:47","guid":{"rendered":"https:\/\/agora.xtec.cat\/escolapacocandel\/?p=8639"},"modified":"2024-03-05T10:07:36","modified_gmt":"2024-03-05T09:07:36","slug":"taller-i-sortida-parc-de-les-olors","status":"publish","type":"post","link":"https:\/\/agora.xtec.cat\/escolapacocandel\/comunitat-de-mitjans\/taller-i-sortida-parc-de-les-olors\/","title":{"rendered":"Taller i sortida Parc de les Olors"},"content":{"rendered":"<p style=\"text-align: justify;\">En aquest segon trimestre els infants de 2n de Prim\u00e0ria han estat descobrint el m\u00f3n de les plantes a trav\u00e9s del projecte.<\/p>\n<p style=\"text-align: justify;\">Una de les propostes que hem fet \u00e9s l&#8217;activitat <strong>Fem una col\u00f2nia!<\/strong> Va ser un taller de perfumeria amb olis essencials. Proposant iniciar a l&#8217;alumnat a l&#8217;art de la perfumeria natural basada en l&#8217;aplicaci\u00f3 dels olis essencials. L&#8217;activitat va consistir en una xerrada a l&#8217;aula i acabar fent-se una col\u00f2nia amb base d&#8217;oli vegetal i una col\u00f2nia per grup en base d&#8217;alcohol.<\/p>\n<p style=\"text-align: justify;\">La sortida que acompanya aquest projecte \u00e9s una excursi\u00f3 al <strong>Parc de les olors<\/strong>. Els infants han estat realitzant 4 tallers relacionats amb les plantes i gaudint d&#8217;un dia de contacte amb la naturalesa. Els tallers consistien en: fer una bosseta perfumada, donar menjar als animals, plantar un esqueix i degustar unes plantes.<\/p>\n<p style=\"text-align: justify;\">En el seg\u00fcent enlla\u00e7 podeu trobar les fotografies del taller i la sortida: <a href=\"https:\/\/agora.xtec.cat\/escolapacocandel\/fotos-privat\/fotos-taller-fem-una-colonia\/\">Fotos<\/a><\/p>\n<p style=\"text-align: justify;\">Esperem que les gaudiu igual que v\u00e0rem fer-ho nosaltres.<\/p>\n<p style=\"text-align: justify;\">Tutores de 2n<\/p>\n","protected":false},"excerpt":{"rendered":"<p>En aquest segon trimestre els infants de 2n de Prim\u00e0ria han estat descobrint el m\u00f3n de les plantes a trav\u00e9s del projecte.<br \/>\nUna de les propostes que hem fet \u00e9s l&#8217;activitat Fem una col\u00f2nia! Va ser un taller de perfumeria amb olis essencials. Proposant iniciar a&hellip;  <a href=\"https:\/\/agora.xtec.cat\/escolapacocandel\/comunitat-de-mitjans\/taller-i-sortida-parc-de-les-olors\/\" title=\"Read Taller i sortida Parc de les Olors\">Llegeix m\u00e9s\u00bb<\/a><\/p>\n","protected":false},"author":1,"featured_media":0,"comment_status":"open","ping_status":"closed","sticky":false,"template":"","format":"standard","meta":{"_bbp_topic_count":0,"_bbp_reply_count":0,"_bbp_total_topic_count":0,"_bbp_total_reply_count":0,"_bbp_voice_count":0,"_bbp_anonymous_reply_count":0,"_bbp_topic_count_hidden":0,"_bbp_reply_count_hidden":0,"_bbp_forum_subforum_count":0,"footnotes":""},"categories":[127,137],"tags":[],"class_list":["post-8639","post","type-post","status-publish","format-standard","hentry","category-comunitat-de-mitjans","category-2n"],"post_mailing_queue_ids":[],"_links":{"self":[{"href":"https:\/\/agora.xtec.cat\/escolapacocandel\/wp-json\/wp\/v2\/posts\/8639","targetHints":{"allow":["GET"]}}],"collection":[{"href":"https:\/\/agora.xtec.cat\/escolapacocandel\/wp-json\/wp\/v2\/posts"}],"about":[{"href":"https:\/\/agora.xtec.cat\/escolapacocandel\/wp-json\/wp\/v2\/types\/post"}],"author":[{"embeddable":true,"href":"https:\/\/agora.xtec.cat\/escolapacocandel\/wp-json\/wp\/v2\/users\/1"}],"replies":[{"embeddable":true,"href":"https:\/\/agora.xtec.cat\/escolapacocandel\/wp-json\/wp\/v2\/comments?post=8639"}],"version-history":[{"count":6,"href":"https:\/\/agora.xtec.cat\/escolapacocandel\/wp-json\/wp\/v2\/posts\/8639\/revisions"}],"predecessor-version":[{"id":8981,"href":"https:\/\/agora.xtec.cat\/escolapacocandel\/wp-json\/wp\/v2\/posts\/8639\/revisions\/8981"}],"wp:attachment":[{"href":"https:\/\/agora.xtec.cat\/escolapacocandel\/wp-json\/wp\/v2\/media?parent=8639"}],"wp:term":[{"taxonomy":"category","embeddable":true,"href":"https:\/\/agora.xtec.cat\/escolapacocandel\/wp-json\/wp\/v2\/categories?post=8639"},{"taxonomy":"post_tag","embeddable":true,"href":"https:\/\/agora.xtec.cat\/escolapacocandel\/wp-json\/wp\/v2\/tags?post=8639"}],"curies":[{"name":"wp","href":"https:\/\/api.w.org\/{rel}","templated":true}]}}