{"id":8626,"date":"2024-02-14T15:26:11","date_gmt":"2024-02-14T14:26:11","guid":{"rendered":"https:\/\/agora.xtec.cat\/escolapacocandel\/?p=8626"},"modified":"2024-02-14T15:36:01","modified_gmt":"2024-02-14T14:36:01","slug":"lart-a-la-natura","status":"publish","type":"post","link":"https:\/\/agora.xtec.cat\/escolapacocandel\/portada\/lart-a-la-natura\/","title":{"rendered":"Setmana d&#8217;art: L&#8217;art a la natura"},"content":{"rendered":"<p><a href=\"https:\/\/agora.xtec.cat\/escolapacocandel\/wp-content\/uploads\/usu332\/2024\/02\/Butlleti-Setmana-dart-2324.pdf\" target=\"_blank\" rel=\"noopener\"><img loading=\"lazy\" decoding=\"async\" class=\"alignleft wp-image-8628\" src=\"https:\/\/agora.xtec.cat\/escolapacocandel\/wp-content\/uploads\/usu332\/2024\/02\/Butlleti-Setmana-dart-2324-716x1024.jpg\" alt=\"\" width=\"472\" height=\"675\" srcset=\"https:\/\/agora.xtec.cat\/escolapacocandel\/wp-content\/uploads\/usu332\/2024\/02\/Butlleti-Setmana-dart-2324-716x1024.jpg 716w, https:\/\/agora.xtec.cat\/escolapacocandel\/wp-content\/uploads\/usu332\/2024\/02\/Butlleti-Setmana-dart-2324-210x300.jpg 210w, https:\/\/agora.xtec.cat\/escolapacocandel\/wp-content\/uploads\/usu332\/2024\/02\/Butlleti-Setmana-dart-2324-768x1099.jpg 768w, https:\/\/agora.xtec.cat\/escolapacocandel\/wp-content\/uploads\/usu332\/2024\/02\/Butlleti-Setmana-dart-2324-1074x1536.jpg 1074w, https:\/\/agora.xtec.cat\/escolapacocandel\/wp-content\/uploads\/usu332\/2024\/02\/Butlleti-Setmana-dart-2324.jpg 1398w\" sizes=\"auto, (max-width: 472px) 100vw, 472px\" \/><\/a><\/p>\n<p class=\"cvGsUA direction-ltr align-justify para-style-body\"><span class=\"OYPEnA text-decoration-none text-strikethrough-none\">\u201c<\/span><span class=\"OYPEnA text-decoration-none text-strikethrough-none\">La natura \u00e9s un entorn ideal d\u2019aprenentatges. Tots hem jugat amb pedres, terra i troncs, hem constru\u00eft una cabana amb pals o hem fet un castell de sorra. Tot i que poden semblar activitats simples i sense gaire transcend\u00e8ncia, en realitat s\u00f3n una part essencial de la nostra formaci\u00f3, no nom\u00e9s com a persones, sin\u00f3 tamb\u00e9 com a societat.<\/span><\/p>\n<p class=\"cvGsUA direction-ltr align-justify para-style-body\"><span class=\"OYPEnA text-decoration-none text-strikethrough-none\">Si hi sumem l\u2019art \u2212que \u00e9s una eina per experimentar i entendre el m\u00f3n\u2212 endinsar-se en l\u2019obra dels artistes que treballen amb i a la natura \u2212el que es coneix com a Land Art\u2212, ens permet reflexionar sobre aspectes fonamentals com qui som, quin lloc ocupem al m\u00f3n i, especialment, quina \u00e9s la nostra relaci\u00f3 amb la natura.\u201d<\/span><\/p>\n<p class=\"cvGsUA direction-ltr align-end para-style-body\"><span class=\"OYPEnA text-decoration-none text-strikethrough-none\">Llu\u00eds Sabadell, creador del joc Land Art<\/span><\/p>\n<p>&nbsp;<\/p>\n","protected":false},"excerpt":{"rendered":"<p><a href=\"https:\/\/agora.xtec.cat\/escolapacocandel\/wp-content\/uploads\/usu332\/2024\/02\/Butlleti-Setmana-dart-2324.pdf\" target=\"_blank\" rel=\"noopener\"><\/a><br \/>\n\u201cLa natura \u00e9s un entorn ideal d\u2019aprenentatges. Tots hem jugat amb pedres, terra i troncs, hem constru\u00eft una cabana amb pals o hem fet un castell de sorra. Tot i que poden semblar activitats simples i sense gaire transcend\u00e8ncia, en realitat s\u00f3n&hellip;  <a href=\"https:\/\/agora.xtec.cat\/escolapacocandel\/portada\/lart-a-la-natura\/\" title=\"Read Setmana d&#8217;art: L&#8217;art a la natura\">Llegeix m\u00e9s\u00bb<\/a><\/p>\n","protected":false},"author":1,"featured_media":8631,"comment_status":"closed","ping_status":"closed","sticky":false,"template":"","format":"standard","meta":{"_bbp_topic_count":0,"_bbp_reply_count":0,"_bbp_total_topic_count":0,"_bbp_total_reply_count":0,"_bbp_voice_count":0,"_bbp_anonymous_reply_count":0,"_bbp_topic_count_hidden":0,"_bbp_reply_count_hidden":0,"_bbp_forum_subforum_count":0,"footnotes":""},"categories":[129,127,128,4],"tags":[],"class_list":["post-8626","post","type-post","status-publish","format-standard","has-post-thumbnail","hentry","category-comunitat-de-grans","category-comunitat-de-mitjans","category-comunitat-de-petits","category-portada"],"post_mailing_queue_ids":[],"_links":{"self":[{"href":"https:\/\/agora.xtec.cat\/escolapacocandel\/wp-json\/wp\/v2\/posts\/8626","targetHints":{"allow":["GET"]}}],"collection":[{"href":"https:\/\/agora.xtec.cat\/escolapacocandel\/wp-json\/wp\/v2\/posts"}],"about":[{"href":"https:\/\/agora.xtec.cat\/escolapacocandel\/wp-json\/wp\/v2\/types\/post"}],"author":[{"embeddable":true,"href":"https:\/\/agora.xtec.cat\/escolapacocandel\/wp-json\/wp\/v2\/users\/1"}],"replies":[{"embeddable":true,"href":"https:\/\/agora.xtec.cat\/escolapacocandel\/wp-json\/wp\/v2\/comments?post=8626"}],"version-history":[{"count":5,"href":"https:\/\/agora.xtec.cat\/escolapacocandel\/wp-json\/wp\/v2\/posts\/8626\/revisions"}],"predecessor-version":[{"id":8636,"href":"https:\/\/agora.xtec.cat\/escolapacocandel\/wp-json\/wp\/v2\/posts\/8626\/revisions\/8636"}],"wp:featuredmedia":[{"embeddable":true,"href":"https:\/\/agora.xtec.cat\/escolapacocandel\/wp-json\/wp\/v2\/media\/8631"}],"wp:attachment":[{"href":"https:\/\/agora.xtec.cat\/escolapacocandel\/wp-json\/wp\/v2\/media?parent=8626"}],"wp:term":[{"taxonomy":"category","embeddable":true,"href":"https:\/\/agora.xtec.cat\/escolapacocandel\/wp-json\/wp\/v2\/categories?post=8626"},{"taxonomy":"post_tag","embeddable":true,"href":"https:\/\/agora.xtec.cat\/escolapacocandel\/wp-json\/wp\/v2\/tags?post=8626"}],"curies":[{"name":"wp","href":"https:\/\/api.w.org\/{rel}","templated":true}]}}