{"id":8617,"date":"2024-02-13T15:58:00","date_gmt":"2024-02-13T14:58:00","guid":{"rendered":"https:\/\/agora.xtec.cat\/escolapacocandel\/?p=8617"},"modified":"2024-02-13T15:59:12","modified_gmt":"2024-02-13T14:59:12","slug":"taller-de-civisme-i-convivencia-5e","status":"publish","type":"post","link":"https:\/\/agora.xtec.cat\/escolapacocandel\/comunitat-de-grans\/taller-de-civisme-i-convivencia-5e\/","title":{"rendered":"Taller de civisme i conviv\u00e8ncia 5\u00e8"},"content":{"rendered":"<p>L&#8217;alumnat de 5\u00e8 ha participat en el taller <strong>Ser c\u00edvic \u00e9s guai!<\/strong> per fomentar la conviv\u00e8ncia, el civisme i el respecte en les relacions personals i en l\u2019\u00fas de l\u2019espai p\u00fablic.<\/p>\n<p>L&#8217;activitat ha consistit en una xerrada a l&#8217;aula i d&#8217;activitats diverses als voltants de l&#8217;escola, dirigides per Agents C\u00edvics de l&#8217;ajuntament de L&#8217;Hospitalet.<\/p>\n<p>En el seg\u00fcent enlla\u00e7 podeu trobar fotografies del taller:\u00a0<a href=\"https:\/\/agora.xtec.cat\/escolapacocandel\/fotos-privat\/taller-de-civisme-5e\/\">Fotos<\/a><\/p>\n<p>&nbsp;<\/p>\n<p>&nbsp;<\/p>\n<p>&nbsp;<\/p>\n","protected":false},"excerpt":{"rendered":"<p>L&#8217;alumnat de 5\u00e8 ha participat en el taller Ser c\u00edvic \u00e9s guai! per fomentar la conviv\u00e8ncia, el civisme i el respecte en les relacions personals i en l\u2019\u00fas de l\u2019espai p\u00fablic.<br \/>\nL&#8217;activitat ha consistit en una xerrada a l&#8217;aula i d&#8217;activitats diverses als voltants de l&#8217;escola,&hellip;  <a href=\"https:\/\/agora.xtec.cat\/escolapacocandel\/comunitat-de-grans\/taller-de-civisme-i-convivencia-5e\/\" title=\"Read Taller de civisme i conviv\u00e8ncia 5\u00e8\">Llegeix m\u00e9s\u00bb<\/a><\/p>\n","protected":false},"author":20,"featured_media":8618,"comment_status":"open","ping_status":"closed","sticky":false,"template":"","format":"standard","meta":{"_bbp_topic_count":0,"_bbp_reply_count":0,"_bbp_total_topic_count":0,"_bbp_total_reply_count":0,"_bbp_voice_count":0,"_bbp_anonymous_reply_count":0,"_bbp_topic_count_hidden":0,"_bbp_reply_count_hidden":0,"_bbp_forum_subforum_count":0,"footnotes":""},"categories":[144,129],"tags":[],"class_list":["post-8617","post","type-post","status-publish","format-standard","has-post-thumbnail","hentry","category-5e","category-comunitat-de-grans"],"post_mailing_queue_ids":[],"_links":{"self":[{"href":"https:\/\/agora.xtec.cat\/escolapacocandel\/wp-json\/wp\/v2\/posts\/8617","targetHints":{"allow":["GET"]}}],"collection":[{"href":"https:\/\/agora.xtec.cat\/escolapacocandel\/wp-json\/wp\/v2\/posts"}],"about":[{"href":"https:\/\/agora.xtec.cat\/escolapacocandel\/wp-json\/wp\/v2\/types\/post"}],"author":[{"embeddable":true,"href":"https:\/\/agora.xtec.cat\/escolapacocandel\/wp-json\/wp\/v2\/users\/20"}],"replies":[{"embeddable":true,"href":"https:\/\/agora.xtec.cat\/escolapacocandel\/wp-json\/wp\/v2\/comments?post=8617"}],"version-history":[{"count":2,"href":"https:\/\/agora.xtec.cat\/escolapacocandel\/wp-json\/wp\/v2\/posts\/8617\/revisions"}],"predecessor-version":[{"id":8620,"href":"https:\/\/agora.xtec.cat\/escolapacocandel\/wp-json\/wp\/v2\/posts\/8617\/revisions\/8620"}],"wp:featuredmedia":[{"embeddable":true,"href":"https:\/\/agora.xtec.cat\/escolapacocandel\/wp-json\/wp\/v2\/media\/8618"}],"wp:attachment":[{"href":"https:\/\/agora.xtec.cat\/escolapacocandel\/wp-json\/wp\/v2\/media?parent=8617"}],"wp:term":[{"taxonomy":"category","embeddable":true,"href":"https:\/\/agora.xtec.cat\/escolapacocandel\/wp-json\/wp\/v2\/categories?post=8617"},{"taxonomy":"post_tag","embeddable":true,"href":"https:\/\/agora.xtec.cat\/escolapacocandel\/wp-json\/wp\/v2\/tags?post=8617"}],"curies":[{"name":"wp","href":"https:\/\/api.w.org\/{rel}","templated":true}]}}