{"id":8601,"date":"2024-02-13T10:38:41","date_gmt":"2024-02-13T09:38:41","guid":{"rendered":"https:\/\/agora.xtec.cat\/escolapacocandel\/?p=8601"},"modified":"2024-02-13T10:56:21","modified_gmt":"2024-02-13T09:56:21","slug":"globus-2-0-sortida-caixaforum","status":"publish","type":"post","link":"https:\/\/agora.xtec.cat\/escolapacocandel\/comunitat-de-mitjans\/globus-2-0-sortida-caixaforum\/","title":{"rendered":"Sortida CaixaForum 1r"},"content":{"rendered":"<p>Els nens i nenes de 1r vam anar al CaixaForum a fer l\u2019activitat que porta per t\u00edtol \u201cGlobus 2.0\u201d un taller en el qual el so ens va explicar hist\u00f2ries i vam poder imaginar-ne a trav\u00e9s d\u2019ell.<\/p>\n<p>El que no ens esper\u00e0vem \u00e9s que tocar\u00edem diferents globus amb les baquetes, i escoltar\u00edem diferents tipus de sons: d\u2019instruments, d\u2019animals, de la natura&#8230; Va ser tota una experi\u00e8ncia per deixar volar la seva imaginaci\u00f3. Ens ho vam passar d\u2019all\u00f2 m\u00e9s b\u00e9! Com b\u00e9 ens va dir el m\u00fasic Pep, \u00e9s molt important escoltar, ja que els sons ens expliquen hist\u00f2ries i coses molt interessants\u2026<\/p>\n<p>A continuaci\u00f3 us deixem l&#8217;enlla\u00e7 per poder veure les fotos del taller.<\/p>\n<blockquote class=\"wp-embedded-content\" data-secret=\"2tdeNwi3VK\"><p><a href=\"https:\/\/agora.xtec.cat\/escolapacocandel\/fotos-privat\/sortida-caixaforum\/\">Protegit: SORTIDA CAIXAFORUM<\/a><\/p><\/blockquote>\n<p><iframe loading=\"lazy\" class=\"wp-embedded-content\" sandbox=\"allow-scripts\" security=\"restricted\" style=\"position: absolute; clip: rect(1px, 1px, 1px, 1px);\" title=\"&#8220;Protegit: SORTIDA CAIXAFORUM&#8221; &#8212; Escola Paco Candel\" src=\"https:\/\/agora.xtec.cat\/escolapacocandel\/fotos-privat\/sortida-caixaforum\/embed\/#?secret=DvOm0rrepu#?secret=2tdeNwi3VK\" data-secret=\"2tdeNwi3VK\" width=\"500\" height=\"282\" frameborder=\"0\" marginwidth=\"0\" marginheight=\"0\" scrolling=\"no\"><\/iframe><\/p>\n","protected":false},"excerpt":{"rendered":"<p>Els nens i nenes de 1r vam anar al CaixaForum a fer l\u2019activitat que porta per t\u00edtol \u201cGlobus 2.0\u201d un taller en el qual el so ens va explicar hist\u00f2ries i vam poder imaginar-ne a trav\u00e9s d\u2019ell.<br \/>\nEl que no ens esper\u00e0vem \u00e9s que tocar\u00edem diferents&hellip;  <a href=\"https:\/\/agora.xtec.cat\/escolapacocandel\/comunitat-de-mitjans\/globus-2-0-sortida-caixaforum\/\" title=\"Read Sortida CaixaForum 1r\">Llegeix m\u00e9s\u00bb<\/a><\/p>\n","protected":false},"author":58,"featured_media":0,"comment_status":"open","ping_status":"closed","sticky":false,"template":"","format":"standard","meta":{"_bbp_topic_count":0,"_bbp_reply_count":0,"_bbp_total_topic_count":0,"_bbp_total_reply_count":0,"_bbp_voice_count":0,"_bbp_anonymous_reply_count":0,"_bbp_topic_count_hidden":0,"_bbp_reply_count_hidden":0,"_bbp_forum_subforum_count":0,"footnotes":""},"categories":[127,140],"tags":[],"class_list":["post-8601","post","type-post","status-publish","format-standard","hentry","category-comunitat-de-mitjans","category-1r"],"post_mailing_queue_ids":[],"_links":{"self":[{"href":"https:\/\/agora.xtec.cat\/escolapacocandel\/wp-json\/wp\/v2\/posts\/8601","targetHints":{"allow":["GET"]}}],"collection":[{"href":"https:\/\/agora.xtec.cat\/escolapacocandel\/wp-json\/wp\/v2\/posts"}],"about":[{"href":"https:\/\/agora.xtec.cat\/escolapacocandel\/wp-json\/wp\/v2\/types\/post"}],"author":[{"embeddable":true,"href":"https:\/\/agora.xtec.cat\/escolapacocandel\/wp-json\/wp\/v2\/users\/58"}],"replies":[{"embeddable":true,"href":"https:\/\/agora.xtec.cat\/escolapacocandel\/wp-json\/wp\/v2\/comments?post=8601"}],"version-history":[{"count":6,"href":"https:\/\/agora.xtec.cat\/escolapacocandel\/wp-json\/wp\/v2\/posts\/8601\/revisions"}],"predecessor-version":[{"id":8612,"href":"https:\/\/agora.xtec.cat\/escolapacocandel\/wp-json\/wp\/v2\/posts\/8601\/revisions\/8612"}],"wp:attachment":[{"href":"https:\/\/agora.xtec.cat\/escolapacocandel\/wp-json\/wp\/v2\/media?parent=8601"}],"wp:term":[{"taxonomy":"category","embeddable":true,"href":"https:\/\/agora.xtec.cat\/escolapacocandel\/wp-json\/wp\/v2\/categories?post=8601"},{"taxonomy":"post_tag","embeddable":true,"href":"https:\/\/agora.xtec.cat\/escolapacocandel\/wp-json\/wp\/v2\/tags?post=8601"}],"curies":[{"name":"wp","href":"https:\/\/api.w.org\/{rel}","templated":true}]}}