{"id":8587,"date":"2024-02-06T16:18:59","date_gmt":"2024-02-06T15:18:59","guid":{"rendered":"https:\/\/agora.xtec.cat\/escolapacocandel\/?p=8587"},"modified":"2024-02-26T10:23:52","modified_gmt":"2024-02-26T09:23:52","slug":"sortida-al-mercabarna-2","status":"publish","type":"post","link":"https:\/\/agora.xtec.cat\/escolapacocandel\/comunitat-de-grans\/sortida-al-mercabarna-2\/","title":{"rendered":"Sortida al Mercabarna"},"content":{"rendered":"<p>Aquesta setmana els dos grups de 4t hem realitzat la sortida del projecte: MERCABARNA!!!<\/p>\n<p>Durant la sortida hem pogut veure com \u00e9s la ciutat aliment\u00e0ria de Mercabarna. Hem apr\u00e8s que funciona les 24 hores del dia oferint diferents tipus d&#8217;hortalisses i fruites als comer\u00e7os i restaurants, perqu\u00e8 \u00e9s un punt de venda al majorista.<\/p>\n<p>Ha estat genial descobrir diferents aliments que desconeix\u00edem totalment i veure l&#8217;ambient que es mou dins d&#8217;aquesta &#8220;gran ciutat&#8221;, on hem descobert una nau molt especial: la nau de les patates! On les trien i netegen per la seva posterior venda, regalant-nos a m\u00e9s un sac a tothom!<\/p>\n<p>A l&#8217;hora de dinar ens han convidat al primer plat, les postres i la beguda, gaudint d&#8217;una bona amanida, suc de taronja natural i una maced\u00f2nia fresca de fruites de temporada.<\/p>\n<p>BON PROFIT!<\/p>\n<blockquote class=\"wp-embedded-content\" data-secret=\"hxTpGO0Xkv\"><p><a href=\"https:\/\/agora.xtec.cat\/escolapacocandel\/fotos-privat\/fotos-2014-mercabarna\/\">Protegit: FOTOS 2014 MERCABARNA<\/a><\/p><\/blockquote>\n<p><iframe loading=\"lazy\" class=\"wp-embedded-content\" sandbox=\"allow-scripts\" security=\"restricted\" style=\"position: absolute; clip: rect(1px, 1px, 1px, 1px);\" title=\"&#8220;Protegit: FOTOS 2014 MERCABARNA&#8221; &#8212; Escola Paco Candel\" src=\"https:\/\/agora.xtec.cat\/escolapacocandel\/fotos-privat\/fotos-2014-mercabarna\/embed\/#?secret=0o8x4IQ8di#?secret=hxTpGO0Xkv\" data-secret=\"hxTpGO0Xkv\" width=\"500\" height=\"282\" frameborder=\"0\" marginwidth=\"0\" marginheight=\"0\" scrolling=\"no\"><\/iframe><\/p>\n","protected":false},"excerpt":{"rendered":"<p>Aquesta setmana els dos grups de 4t hem realitzat la sortida del projecte: MERCABARNA!!!<br \/>\nDurant la sortida hem pogut veure com \u00e9s la ciutat aliment\u00e0ria de Mercabarna. Hem apr\u00e8s que funciona les 24 hores del dia oferint diferents tipus d&#8217;hortalisses i fruites als comer\u00e7os i restaurants,&hellip;  <a href=\"https:\/\/agora.xtec.cat\/escolapacocandel\/comunitat-de-grans\/sortida-al-mercabarna-2\/\" title=\"Read Sortida al Mercabarna\">Llegeix m\u00e9s\u00bb<\/a><\/p>\n","protected":false},"author":1,"featured_media":8588,"comment_status":"open","ping_status":"closed","sticky":false,"template":"","format":"standard","meta":{"_bbp_topic_count":0,"_bbp_reply_count":0,"_bbp_total_topic_count":0,"_bbp_total_reply_count":0,"_bbp_voice_count":0,"_bbp_anonymous_reply_count":0,"_bbp_topic_count_hidden":0,"_bbp_reply_count_hidden":0,"_bbp_forum_subforum_count":0,"footnotes":""},"categories":[129,143],"tags":[202,203,201,199],"class_list":["post-8587","post","type-post","status-publish","format-standard","has-post-thumbnail","hentry","category-comunitat-de-grans","category-4t","tag-comunitatdegrans","tag-escolapacocandel","tag-mercabarna","tag-quart"],"post_mailing_queue_ids":[],"_links":{"self":[{"href":"https:\/\/agora.xtec.cat\/escolapacocandel\/wp-json\/wp\/v2\/posts\/8587","targetHints":{"allow":["GET"]}}],"collection":[{"href":"https:\/\/agora.xtec.cat\/escolapacocandel\/wp-json\/wp\/v2\/posts"}],"about":[{"href":"https:\/\/agora.xtec.cat\/escolapacocandel\/wp-json\/wp\/v2\/types\/post"}],"author":[{"embeddable":true,"href":"https:\/\/agora.xtec.cat\/escolapacocandel\/wp-json\/wp\/v2\/users\/1"}],"replies":[{"embeddable":true,"href":"https:\/\/agora.xtec.cat\/escolapacocandel\/wp-json\/wp\/v2\/comments?post=8587"}],"version-history":[{"count":3,"href":"https:\/\/agora.xtec.cat\/escolapacocandel\/wp-json\/wp\/v2\/posts\/8587\/revisions"}],"predecessor-version":[{"id":8637,"href":"https:\/\/agora.xtec.cat\/escolapacocandel\/wp-json\/wp\/v2\/posts\/8587\/revisions\/8637"}],"wp:featuredmedia":[{"embeddable":true,"href":"https:\/\/agora.xtec.cat\/escolapacocandel\/wp-json\/wp\/v2\/media\/8588"}],"wp:attachment":[{"href":"https:\/\/agora.xtec.cat\/escolapacocandel\/wp-json\/wp\/v2\/media?parent=8587"}],"wp:term":[{"taxonomy":"category","embeddable":true,"href":"https:\/\/agora.xtec.cat\/escolapacocandel\/wp-json\/wp\/v2\/categories?post=8587"},{"taxonomy":"post_tag","embeddable":true,"href":"https:\/\/agora.xtec.cat\/escolapacocandel\/wp-json\/wp\/v2\/tags?post=8587"}],"curies":[{"name":"wp","href":"https:\/\/api.w.org\/{rel}","templated":true}]}}